{"id":61,"date":"2019-09-06T09:12:53","date_gmt":"2019-09-06T07:12:53","guid":{"rendered":"https:\/\/cgtsafran.com\/?p=22"},"modified":"2020-11-20T11:27:59","modified_gmt":"2020-11-20T10:27:59","slug":"edito","status":"publish","type":"post","link":"https:\/\/cgtsafran.com\/seats\/edito\/","title":{"rendered":"SAFRAN SEATS"},"content":{"rendered":"<p class=\"p3\">Le nouveau site web de la CGT Safran Seats int\u00e8gre la plateforme num\u00e9rique syndicale du groupe<br \/>\n<!--more--><\/p>\n<h4>La CGT Safran Seats sur le m\u00eame site web que la CGT Safran&#8230;<\/h4>\n<p class=\"p4\">Afin de vous apporter les informations les plus pr\u00e9cises et les plus pertinentes, le syndicat CGT du groupe Safran \u00e0 d\u00e9cid\u00e9 de cr\u00e9er une plateforme sur laquelle se retrouve l&rsquo;ensemble des sites des diff\u00e9rentes soci\u00e9t\u00e9s du groupe ainsi que le site de la coordination groupe.<\/p>\n<p>Vous retrouverez alors toute les informations qui vous int\u00e9ressent au m\u00eame endroit.<\/p>\n<p>Bonne navigation!<\/p>\n","protected":false},"excerpt":{"rendered":"<p>Le nouveau site web de la CGT Safran Seats int\u00e8gre la plateforme num\u00e9rique syndicale du groupe<\/p>\n","protected":false},"author":1,"featured_media":98,"comment_status":"open","ping_status":"open","sticky":false,"template":"","format":"standard","meta":{"_acf_changed":false,"wds_primary_category":0,"wds_primary_featuring":0,"wds_primary_perimetre":0,"wds_primary_themes":0,"wds_primary_documents":0,"wds_primary_geographie":0,"wds_primary_secteur":0,"footnotes":""},"categories":[181],"tags":[],"class_list":["post-61","post","type-post","status-publish","format-standard","has-post-thumbnail","hentry","category-actu-seats","featuring-enavant"],"acf":[],"_links":{"self":[{"href":"https:\/\/cgtsafran.com\/seats\/wp-json\/wp\/v2\/posts\/61","targetHints":{"allow":["GET"]}}],"collection":[{"href":"https:\/\/cgtsafran.com\/seats\/wp-json\/wp\/v2\/posts"}],"about":[{"href":"https:\/\/cgtsafran.com\/seats\/wp-json\/wp\/v2\/types\/post"}],"author":[{"embeddable":true,"href":"https:\/\/cgtsafran.com\/seats\/wp-json\/wp\/v2\/users\/1"}],"replies":[{"embeddable":true,"href":"https:\/\/cgtsafran.com\/seats\/wp-json\/wp\/v2\/comments?post=61"}],"version-history":[{"count":2,"href":"https:\/\/cgtsafran.com\/seats\/wp-json\/wp\/v2\/posts\/61\/revisions"}],"predecessor-version":[{"id":132,"href":"https:\/\/cgtsafran.com\/seats\/wp-json\/wp\/v2\/posts\/61\/revisions\/132"}],"wp:featuredmedia":[{"embeddable":true,"href":"https:\/\/cgtsafran.com\/seats\/wp-json\/wp\/v2\/media\/98"}],"wp:attachment":[{"href":"https:\/\/cgtsafran.com\/seats\/wp-json\/wp\/v2\/media?parent=61"}],"wp:term":[{"taxonomy":"category","embeddable":true,"href":"https:\/\/cgtsafran.com\/seats\/wp-json\/wp\/v2\/categories?post=61"},{"taxonomy":"post_tag","embeddable":true,"href":"https:\/\/cgtsafran.com\/seats\/wp-json\/wp\/v2\/tags?post=61"}],"curies":[{"name":"wp","href":"https:\/\/api.w.org\/{rel}","templated":true}]}}