{"id":3199,"date":"2026-04-29T08:43:22","date_gmt":"2026-04-29T06:43:22","guid":{"rendered":"https:\/\/cgtsafran.com\/sae\/?p=3199"},"modified":"2026-04-29T08:43:22","modified_gmt":"2026-04-29T06:43:22","slug":"villaroche-tract-du-28-avril-2026-perdre-la-sante-perdre-la-vie-au-travail-ca-suffit","status":"publish","type":"post","link":"https:\/\/cgtsafran.com\/sae\/villaroche-tract-du-28-avril-2026-perdre-la-sante-perdre-la-vie-au-travail-ca-suffit\/","title":{"rendered":"Villaroche. Tract du 28 avril 2026 &#8211; Perdre la sant\u00e9, perdre la vie au travail : \u00e7a suffit !"},"content":{"rendered":"<h1 style=\"text-align: center\">ACTIONS SYNDICALES LE 28 AVRIL 2026<\/h1>\n<p>&nbsp;<\/p>\n<h1 style=\"text-align: center\">PERDRE LA SANT\u00c9, PERDRE LA VIE, EN RAISON DU TRAVAIL :<br \/>\n\u00c7A SUFFIT !<\/h1>\n<p>&nbsp;<\/p>\n<h3 style=\"text-align: center\">Ce 28 avril 2026, journ\u00e9e internationale de la sant\u00e9 et de la s\u00e9curit\u00e9 au travail, la CGT appelle comme chaque ann\u00e9e \u00e0 la mobilisation pour qu\u2019enfin de r\u00e9elles mesures soient prises pour en finir avec la mort ou les blessures graves au travail.<\/h3>\n<p>&nbsp;<\/p>\n<p>En 2024, le bilan de la S\u00e9curit\u00e9 sociale d\u00e9nombre 1 297 morts au travail ou par le travail<br \/>\n(auxquels il faut ajouter les travailleurs d\u00e9pendant du r\u00e9gime agricole, des r\u00e9gimes sp\u00e9ciaux, de la fonction publique, et les ind\u00e9pendants, non comptabilis\u00e9s dans le rapport) :<br \/>\n\u2022 764 d\u00e9c\u00e8s \u00e0 la suite d\u2019un accident de travail ;<br \/>\n\u2022 318 \u00e0 la suite d\u2019un accident de trajet ;<br \/>\n\u2022 215 d\u00e9c\u00e8s \u00e0 la suite d\u2019une maladie professionnelle.<br \/>\nC\u2019est un scandale national, plus de 3 morts par jour \u2013 invisibilis\u00e9es ou trait\u00e9es le plus souvent comme de simples faits divers.<\/p>\n<p><img loading=\"lazy\" decoding=\"async\" class=\"wp-image-3202 alignleft\" src=\"https:\/\/cgtsafran.com\/sae\/wp-content\/uploads\/sites\/8\/2026\/04\/Perdre-la-sante-au-travail-1-714x1024.jpg\" alt=\"\" width=\"639\" height=\"916\" srcset=\"https:\/\/cgtsafran.com\/sae\/wp-content\/uploads\/sites\/8\/2026\/04\/Perdre-la-sante-au-travail-1-714x1024.jpg 714w, https:\/\/cgtsafran.com\/sae\/wp-content\/uploads\/sites\/8\/2026\/04\/Perdre-la-sante-au-travail-1-209x300.jpg 209w, https:\/\/cgtsafran.com\/sae\/wp-content\/uploads\/sites\/8\/2026\/04\/Perdre-la-sante-au-travail-1.jpg 719w\" sizes=\"auto, (max-width: 639px) 100vw, 639px\" \/><img loading=\"lazy\" decoding=\"async\" class=\"wp-image-3203 aligncenter\" src=\"https:\/\/cgtsafran.com\/sae\/wp-content\/uploads\/sites\/8\/2026\/04\/Perdre-la-sante-au-travail-VERSO.jpg\" alt=\"\" width=\"651\" height=\"923\" srcset=\"https:\/\/cgtsafran.com\/sae\/wp-content\/uploads\/sites\/8\/2026\/04\/Perdre-la-sante-au-travail-VERSO.jpg 721w, https:\/\/cgtsafran.com\/sae\/wp-content\/uploads\/sites\/8\/2026\/04\/Perdre-la-sante-au-travail-VERSO-211x300.jpg 211w\" sizes=\"auto, (max-width: 651px) 100vw, 651px\" \/><\/p>\n","protected":false},"excerpt":{"rendered":"<p>ACTIONS SYNDICALES LE 28 AVRIL 2026 &nbsp; PERDRE LA SANT\u00c9, PERDRE LA VIE, EN RAISON DU TRAVAIL : \u00c7A SUFFIT ! &nbsp; Ce 28 avril 2026, journ\u00e9e internationale de la sant\u00e9 et de la s\u00e9curit\u00e9 au travail, la CGT appelle comme chaque ann\u00e9e \u00e0 la mobilisation pour qu\u2019enfin de r\u00e9elles mesures soient prises pour en [&hellip;]<\/p>\n","protected":false},"author":27,"featured_media":3205,"comment_status":"open","ping_status":"closed","sticky":false,"template":"","format":"standard","meta":{"_acf_changed":false,"wds_primary_category":0,"wds_primary_featuring":0,"wds_primary_perimetre":0,"wds_primary_themes":0,"wds_primary_documents":0,"wds_primary_geographie":0,"wds_primary_secteur":0,"footnotes":""},"categories":[1],"tags":[],"class_list":["post-3199","post","type-post","status-publish","format-standard","has-post-thumbnail","hentry","category-actus","featuring-lestitres","themes-activites-sociales","themes-sante","themes-violences","documents-evenements","documents-tracts","geographie-bourgogne-franche-comte","geographie-centre-val-de-loire","geographie-ile-de-france","geographie-nouvelle-aquitaine","geographie-paca","secteur-bordeaux","secteur-chatellerault","secteur-corbeil","secteur-evry-corbeil","secteur-gennevilliers","secteur-istres","secteur-le-creusot","secteur-saint-quentin-en-yvelines","secteur-villaroche"],"acf":[],"_links":{"self":[{"href":"https:\/\/cgtsafran.com\/sae\/wp-json\/wp\/v2\/posts\/3199","targetHints":{"allow":["GET"]}}],"collection":[{"href":"https:\/\/cgtsafran.com\/sae\/wp-json\/wp\/v2\/posts"}],"about":[{"href":"https:\/\/cgtsafran.com\/sae\/wp-json\/wp\/v2\/types\/post"}],"author":[{"embeddable":true,"href":"https:\/\/cgtsafran.com\/sae\/wp-json\/wp\/v2\/users\/27"}],"replies":[{"embeddable":true,"href":"https:\/\/cgtsafran.com\/sae\/wp-json\/wp\/v2\/comments?post=3199"}],"version-history":[{"count":2,"href":"https:\/\/cgtsafran.com\/sae\/wp-json\/wp\/v2\/posts\/3199\/revisions"}],"predecessor-version":[{"id":3207,"href":"https:\/\/cgtsafran.com\/sae\/wp-json\/wp\/v2\/posts\/3199\/revisions\/3207"}],"wp:featuredmedia":[{"embeddable":true,"href":"https:\/\/cgtsafran.com\/sae\/wp-json\/wp\/v2\/media\/3205"}],"wp:attachment":[{"href":"https:\/\/cgtsafran.com\/sae\/wp-json\/wp\/v2\/media?parent=3199"}],"wp:term":[{"taxonomy":"category","embeddable":true,"href":"https:\/\/cgtsafran.com\/sae\/wp-json\/wp\/v2\/categories?post=3199"},{"taxonomy":"post_tag","embeddable":true,"href":"https:\/\/cgtsafran.com\/sae\/wp-json\/wp\/v2\/tags?post=3199"}],"curies":[{"name":"wp","href":"https:\/\/api.w.org\/{rel}","templated":true}]}}