{"id":2959,"date":"2025-11-25T13:10:33","date_gmt":"2025-11-25T12:10:33","guid":{"rendered":"https:\/\/cgtsafran.com\/sae\/?p=2959"},"modified":"2025-11-25T13:10:34","modified_gmt":"2025-11-25T12:10:34","slug":"cbl-prime-ppv-nao-travaux-penibles-c2p","status":"publish","type":"post","link":"https:\/\/cgtsafran.com\/sae\/cbl-prime-ppv-nao-travaux-penibles-c2p\/","title":{"rendered":"CBL &#8211; Prime PPV &amp; NAO &#8211; Travaux P\u00e9nibles &amp; C2P"},"content":{"rendered":"<h1>Prime PPV &amp; NAO<\/h1>\n<p>Comme vous avez pu le lire, la 1\u00e8re proposition de la direction sur la prime de partage de la valeur s\u2019\u00e9levait \u00e0 maximum 600\u20ac puis elle est pass\u00e9e \u00e0 650\u20ac pour les salari\u00e9s ayant au moins un an d\u2019anciennet\u00e9.<\/p>\n<p>Lors de cette n\u00e9gociation la CGT a d\u00e9fendu que tous les salari\u00e9s, m\u00eame en arr\u00eat maladie ou en absence longue dur\u00e9e per\u00e7oivent l\u2019int\u00e9gralit\u00e9 de la prime, ainsi que les salari\u00e9s en temps partiel.<\/p>\n<p><strong>Nous alertions, il y\u2019a quelques semaines de cela, du risque de voir cette prime \u00eatre un frein \u00e0 nos augmentations de salaire 2026 et n\u2019est certainement pas une avanc\u00e9e sociale.<\/strong><\/p>\n<p>L\u00e0 ou safran amasse des milliards chaque ann\u00e9e et ce, de mani\u00e8re croissante, gr\u00e2ce au savoir-faire des salari\u00e9s, elle pr\u00e9f\u00e8re augmenter artificiellement la valeur des actions, en proc\u00e9dant \u00e0 des rachats d\u2019actions pour destruction, <strong>de 1.4 Mrd \u20ac en 2025<\/strong>, r\u00e9mun\u00e9rant ainsi les actionnaires au lieu de favoriser une politique sociale envers celles et ceux qui font la r\u00e9ussite \u00e9conomique de leur entreprise.<\/p>\n<p>Nous comprenons qu\u2019un \u20acuro est un \u20acuro et qu\u2019il est toujours favorable de l\u2019avoir dans sa poche. Mais le probl\u00e8me de glorifier et d\u2019attendre ce genre de reversement <strong>nous \u00e9loigne d\u2019une r\u00e9elle valorisation de nos salaires<\/strong>, donc de l\u2019am\u00e9lioration de notre pouvoir d\u2019achat face \u00e0 l\u2019inflation et du bon fonctionnement de nos structures sociales. <strong>Facilitant et encourageant au passage le patronat \u00e0 nous jeter les miettes.<\/strong><\/p>\n<p><a href=\"https:\/\/cgtsafran.com\/sae\/cbl-prime-ppv-nao-travaux-penibles-c2p\/ppv\/\" rel=\"attachment wp-att-2960\"><img loading=\"lazy\" decoding=\"async\" class=\"aligncenter size-full wp-image-2960\" src=\"https:\/\/cgtsafran.com\/sae\/wp-content\/uploads\/sites\/8\/2025\/11\/PPV.jpg\" alt=\"\" width=\"984\" height=\"234\" srcset=\"https:\/\/cgtsafran.com\/sae\/wp-content\/uploads\/sites\/8\/2025\/11\/PPV.jpg 984w, https:\/\/cgtsafran.com\/sae\/wp-content\/uploads\/sites\/8\/2025\/11\/PPV-300x71.jpg 300w, https:\/\/cgtsafran.com\/sae\/wp-content\/uploads\/sites\/8\/2025\/11\/PPV-768x183.jpg 768w\" sizes=\"auto, (max-width: 984px) 100vw, 984px\" \/><\/a><\/p>\n<p>100 \u20ac par mois de salaire co\u00fbterait \u00e0 peine 10 % de ce que Safran jette dans les rachats d\u2019actions. Et encore, on ne parle m\u00eame pas des dividendes ni des milliards de b\u00e9n\u00e9fices<br \/>\ncr\u00e9\u00e9s par NOTRE travail.<\/p>\n<h3 style=\"text-align: center\"><span style=\"color: #ff0000\">Pour cela la CGT se coordonne sur l\u2019ensemble des sites SAFRAN<\/span><br \/>\n<span style=\"color: #ff0000\">Lors d\u2019une journ\u00e9e de mobilisation pour les NAO 2026<\/span><\/h3>\n<p>&nbsp;<\/p>\n<blockquote>\n<p style=\"text-align: center\"><span style=\"color: #ff0000\">Pour S.A.E, nous vous proposons de discuter et de pr\u00e9parer<\/span><br \/>\n<span style=\"color: #ff0000\">la n\u00e9gociation sur les salaires,<\/span><br \/>\n<span style=\"color: #ff0000\">JEUDI 27 NOVEMBRE 2025 en demi-heure d\u2019information pay\u00e9e.<\/span><br \/>\n<span style=\"color: #ff0000\">09h30 pour la normale et l\u2019\u00e9quipe du matin<\/span><br \/>\n<span style=\"color: #ff0000\">15h00 pour l\u2019\u00e9quipe du soir<\/span><br \/>\n<span style=\"color: #ff0000\">(Le lieu sera communiqu\u00e9 sur les panneaux syndicaux CGT)<\/span><br \/>\n<span style=\"color: #ff0000\">22h30 pour l\u2019\u00e9quipe de nuit au r\u00e9fectoire.<\/span><\/p>\n<\/blockquote>\n<p>&nbsp;<\/p>\n<h1>Travaux P\u00e9nibles &amp; C2P<\/h1>\n<h3><span style=\"color: #ff0000\">1.Une petite victoire pour le suivi des Travaux P\u00e9nibles, gr\u00e2ce \u00e0 la CGT !<\/span><\/h3>\n<p>Au travers des instances, <strong>la CGT<\/strong> a insist\u00e9 pour que les salari\u00e9s \u00e9ligibles au Travaux P\u00e9nibles soient directement inform\u00e9s. Depuis 2020, une liste nominative a \u00e9t\u00e9 mise en place par la Direction G\u00e9n\u00e9rale SAE. Pour 2024\/2025 un mail a \u00e9t\u00e9 envoy\u00e9 aux salari\u00e9s concern\u00e9s, leur indiquant qu\u2019ils sont \u00e9ligibles \u00e0 l\u2019accord Travaux P\u00e9nibles.<\/p>\n<blockquote>\n<h4 style=\"text-align: center\"><strong>Prochainement un mail va \u00eatre \u00e0 nouveau envoy\u00e9 aux salari\u00e9s concern\u00e9s pr\u00e9cisant leur taux d\u2019exposition. Soyez vigilant et conservez, pour chaque ann\u00e9e,<\/strong><br \/>\n<strong>la preuve de votre admission \u00e0 ce dispositif.<\/strong><\/h4>\n<\/blockquote>\n<p>La CGT est la 1\u00e8re organisation syndicale \u00e0 s\u2019\u00eatre empar\u00e9e du sujet et avoir exig\u00e9 des am\u00e9liorations de cet accord :<\/p>\n<ul>\n<li>Recensement des salari\u00e9s \u00e9ligibles<\/li>\n<li>R\u00e9int\u00e9gration des soudeurs et chaudronniers ICLR sur les accords pr\u00e9c\u00e9dents<\/li>\n<li>Dossier de demande de r\u00e9int\u00e9gration pour plusieurs activit\u00e9s<\/li>\n<li>Am\u00e9lioration des conditions de travail pour \u00e9viter la p\u00e9nibilit\u00e9 au travail<\/li>\n<li>Notification individuelle aux salari\u00e9s \u00e9ligibles<\/li>\n<\/ul>\n<h3><span style=\"color: #ff0000\">2.Les Comptes Professionnels de Pr\u00e9vention (C2P), c\u2019est la loi et \u00e7a s\u2019applique !<\/span><\/h3>\n<ul>\n<li>Qu\u2019est que le C2P ? Le C2P est un dispositif qui vise \u00e0 r\u00e9duire les effets de l&rsquo;exposition des salari\u00e9s \u00e0 certains risques professionnels. Il leur permet de se former ou engager une reconversion professionnelle, pour acc\u00e9der \u00e0 un emploi moins expos\u00e9 ou non expos\u00e9 \u00e0 des facteurs de p\u00e9nibilit\u00e9s.<\/li>\n<li>Comment fonctionne le compte p\u00e9nibilit\u00e9 ? \u00catre expos\u00e9 \u00e0 un facteur de p\u00e9nibilit\u00e9 permet d&rsquo;obtenir 4 points par an. Si le salari\u00e9 est n\u00e9 avant juillet 1956, il comptabilisera 8 points annuels suppl\u00e9mentaires. \u00catre expos\u00e9 \u00e0 plusieurs crit\u00e8res de p\u00e9nibilit\u00e9 permet d&rsquo;acqu\u00e9rir 8 points par an.<\/li>\n<li>Qui est concern\u00e9 par le C2P ? Les salari\u00e9s employ\u00e9s par des employeurs de droit priv\u00e9 et le personnel du public (\u00c9tat, collectivit\u00e9 territoriale, \u00e9tablissement public&#8230;) employ\u00e9 dans des conditions de droit priv\u00e9 peuvent acqu\u00e9rir des droits au titre du C2P.<\/li>\n<li>Pour SAE Corbeil ? Il se traduit par 4 points annuels pour les salari\u00e9s \u00e9tant expos\u00e9s aux heures d\u2019\u00e9quipes alternantes (travail post\u00e9 en 3&#215;8) \u00e0 partir de 30 nuit\u00e9es effectives.<\/li>\n<\/ul>\n<p style=\"text-align: center\"><strong>Inscrirez-vous sur votre C2P en ligne afin de v\u00e9rifier vos droits.<\/strong><\/p>\n<p>Malgr\u00e9 cela, il est important de rappeler que ce compte p\u00e9nibilit\u00e9 fut cr\u00e9\u00e9 pour compenser dans les m\u00e9tiers les plus p\u00e9nibles, le recul de l\u2019\u00e2ge de d\u00e9part \u00e0 la retraire \u00e0 60 ans en 2010.<\/p>\n<h4 style=\"text-align: center\"><strong><span style=\"color: #ff0000\">La CGT revendique toujours la retraite \u00e0 60 ans<\/span><\/strong><\/h4>\n","protected":false},"excerpt":{"rendered":"<p>Prime PPV &amp; NAO Comme vous avez pu le lire, la 1\u00e8re proposition de la direction sur la prime de partage de la valeur s\u2019\u00e9levait \u00e0 maximum 600\u20ac puis elle est pass\u00e9e \u00e0 650\u20ac pour les salari\u00e9s ayant au moins un an d\u2019anciennet\u00e9. Lors de cette n\u00e9gociation la CGT a d\u00e9fendu que tous les salari\u00e9s, [&hellip;]<\/p>\n","protected":false},"author":32,"featured_media":2612,"comment_status":"open","ping_status":"closed","sticky":false,"template":"","format":"standard","meta":{"_acf_changed":false,"wds_primary_category":0,"wds_primary_featuring":0,"wds_primary_perimetre":0,"wds_primary_themes":0,"wds_primary_documents":0,"wds_primary_geographie":0,"wds_primary_secteur":0,"footnotes":""},"categories":[1],"tags":[],"class_list":["post-2959","post","type-post","status-publish","format-standard","has-post-thumbnail","hentry","category-actus"],"acf":[],"_links":{"self":[{"href":"https:\/\/cgtsafran.com\/sae\/wp-json\/wp\/v2\/posts\/2959","targetHints":{"allow":["GET"]}}],"collection":[{"href":"https:\/\/cgtsafran.com\/sae\/wp-json\/wp\/v2\/posts"}],"about":[{"href":"https:\/\/cgtsafran.com\/sae\/wp-json\/wp\/v2\/types\/post"}],"author":[{"embeddable":true,"href":"https:\/\/cgtsafran.com\/sae\/wp-json\/wp\/v2\/users\/32"}],"replies":[{"embeddable":true,"href":"https:\/\/cgtsafran.com\/sae\/wp-json\/wp\/v2\/comments?post=2959"}],"version-history":[{"count":3,"href":"https:\/\/cgtsafran.com\/sae\/wp-json\/wp\/v2\/posts\/2959\/revisions"}],"predecessor-version":[{"id":2967,"href":"https:\/\/cgtsafran.com\/sae\/wp-json\/wp\/v2\/posts\/2959\/revisions\/2967"}],"wp:featuredmedia":[{"embeddable":true,"href":"https:\/\/cgtsafran.com\/sae\/wp-json\/wp\/v2\/media\/2612"}],"wp:attachment":[{"href":"https:\/\/cgtsafran.com\/sae\/wp-json\/wp\/v2\/media?parent=2959"}],"wp:term":[{"taxonomy":"category","embeddable":true,"href":"https:\/\/cgtsafran.com\/sae\/wp-json\/wp\/v2\/categories?post=2959"},{"taxonomy":"post_tag","embeddable":true,"href":"https:\/\/cgtsafran.com\/sae\/wp-json\/wp\/v2\/tags?post=2959"}],"curies":[{"name":"wp","href":"https:\/\/api.w.org\/{rel}","templated":true}]}}