{"id":2918,"date":"2025-10-14T09:31:24","date_gmt":"2025-10-14T07:31:24","guid":{"rendered":"https:\/\/cgtsafran.com\/sae\/?p=2918"},"modified":"2025-10-14T09:31:24","modified_gmt":"2025-10-14T07:31:24","slug":"mobilisation-des-metallos","status":"publish","type":"post","link":"https:\/\/cgtsafran.com\/sae\/mobilisation-des-metallos\/","title":{"rendered":"MOBILISATION DES M\u00c9TALLOS"},"content":{"rendered":"<h2><span style=\"color: #ff0000\" data-darkreader-inline-color=\"\">17 octobre 2025<\/span><br \/>\nMOBILISATION DES M\u00c9TALLOS \u00c0 10h30 DEVANT L\u2019AGIRC- ARRCO*<\/h2>\n<h3><span style=\"color: #ff0000\" data-darkreader-inline-color=\"\">Rendez-nous nos 40 Milliards D&rsquo;\u20ac!!<\/span><\/h3>\n<h4><span style=\"color: #ff0000\" data-darkreader-inline-color=\"\">C\u2019EST QUOI ?<\/span><\/h4>\n<p>L\u2019AGIRC-ARRCO est le r\u00e9gime de retraite compl\u00e9mentaire de tous les salari\u00e9s du priv\u00e9 (industrie, commerce,\u00a0 b\u00e2timent \u2026) et de certains salari\u00e9s de droit priv\u00e9 dans la fonction publique.<\/p>\n<h4><span style=\"color: #ff0000\" data-darkreader-inline-color=\"\">UN PACTOLE INCROYABLE<\/span><\/h4>\n<p>L\u2019AGIRC-ARRCO dispose de 85,6 milliards d\u2019\u20ac de r\u00e9serves financi\u00e8res, en augmentation importante ces derni\u00e8res ann\u00e9es. Un pactole sur lequel le gouvernement voudrait bien mettre la main.<\/p>\n<h5><span style=\"color: #ff0000;--darkreader-inline-color: var(--darkreader-text-ff0000, #ff1a1a)\" data-darkreader-inline-color=\"\">TROP, C\u2019EST TROP !<\/span><\/h5>\n<pre>\r\n<span style=\"color: #00ffff\" data-darkreader-inline-color=\"\"><strong>Pour la CGT, il est prudent qu\u2019une caisse de retraite <\/strong><\/span><span style=\"color: #00ffff\" data-darkreader-inline-color=\"\">dispose de r\u00e9serves pour faire face \u00e0 un \u00e9v\u00e8nement<\/span>\r\n<span style=\"color: #00ffff\" data-darkreader-inline-color=\"\">exceptionnel. Par exemple, lors du Covid, il a fallu <\/span><span style=\"color: #00ffff\" data-darkreader-inline-color=\"\">payer les retraites alors que les cotisations \u00e9taient<\/span>\r\n<span style=\"color: #00ffff\" data-darkreader-inline-color=\"\">en chute libre \u00e0 cause du ch\u00f4mage partiel. <\/span><span style=\"color: #00ffff\" data-darkreader-inline-color=\"\"><strong>Mais rien ne justifie un pactole de 85,6 milliards d\u2019\u20ac<\/strong><\/span>\r\n<span style=\"color: #00ffff\" data-darkreader-inline-color=\"\">correspondant \u00e0 10 mois d\u2019avance, alors que la <\/span><span style=\"color: #00ffff\" data-darkreader-inline-color=\"\">moiti\u00e9 suffirait largement pour la s\u00e9curit\u00e9 du<\/span>\r\n<span style=\"color: #00ffff\" data-darkreader-inline-color=\"\">syst\u00e8me.<\/span><\/pre>\n<h4><span style=\"color: #ff0000\" data-darkreader-inline-color=\"\">C\u2019EST L\u2019ARGENT DES SALARI\u00c9S !<\/span><\/h4>\n<p>Pour amasser ce pactole, l\u2019AGIRC-ARRCO ponctionne les salari\u00e9s au-del\u00e0 de ce qui est n\u00e9cessaire pour payer les retraites. La cotisation, pr\u00e9lev\u00e9e sur nos fiches de paie, dissimule une augmentation continuelle du prix d\u2019achat du point qui diminue chaque ann\u00e9e le nombre de points que l\u2019on acquiert. Cela passe inaper\u00e7u. <strong>Mais c\u2019est comme si <\/strong><strong>au march\u00e9,<\/strong> pour le m\u00eame prix, vous n\u2019avez plus un kilo de<br \/>\nl\u00e9gumes mais seulement 800 grammes, puis 700, puis 500..<\/p>\n<blockquote><p><span style=\"color: #ffcc00\" data-darkreader-inline-color=\"\">Autant dire que cela nous pr\u00e9pare <\/span><span style=\"color: #ffcc00\" data-darkreader-inline-color=\"\">des retraites au r\u00e9gime sec !<\/span><\/p><\/blockquote>\n<h4><span style=\"color: #ff0000\" data-darkreader-inline-color=\"\">C\u2019EST L\u2019ARGENT DES RETRAIT\u00c9S !<\/span><\/h4>\n<p>Chaque ann\u00e9e, l\u2019AGIRC-ARRCO grignote le pouvoir d\u2019achat des retrait\u00e9s, avec une revalorisation inf\u00e9rieure \u00e0<br \/>\nl\u2019inflation et \u00e0 la hausse des prix.<\/p>\n<blockquote><p><span style=\"color: #ffcc00\" data-darkreader-inline-color=\"\">Les retrait\u00e9s se serrent la ceinture alors que <\/span><span style=\"color: #ffcc00\" data-darkreader-inline-color=\"\">le coffre-fort de l\u2019AGIRC-ARRCO d\u00e9borde !<\/span><\/p><\/blockquote>\n<pre><span style=\"color: #33cccc;--darkreader-inline-color: var(--darkreader-text-00ffff, #1affff)\" data-darkreader-inline-color=\"\">A noter : cette \u00ab sous-indexation \u00bb impacte \u00e9galement les salari\u00e9s puisque, par rapport \u00e0 <\/span><span style=\"color: #33cccc;--darkreader-inline-color: var(--darkreader-text-00ffff, #1affff)\" data-darkreader-inline-color=\"\">l\u2019inflation, elle fait perdre de la valeur aux points qu\u2019ils ont d\u00e9j\u00e0 acquis.<\/span><\/pre>\n<h4><span style=\"color: #ff0000\" data-darkreader-inline-color=\"\">\u00c7A SUFFIT !<\/span><\/h4>\n<p>Le Conseil d\u2019Administration AGIRC-ARRCO, compos\u00e9 du patronat et des syndicats, se r\u00e9unira le 17 octobre 2025 \u00e0 Paris*. Va-t-il poursuivre :<br \/>\n\u2022 Pour les salari\u00e9s, la hausse du prix d\u2019achat du point et la baisse des droits qu\u2019ils acqui\u00e8rent ?<br \/>\n\u2022 Pour les retrait\u00e9s, le grignotage de leur pouvoir d\u2019achat ?<\/p>\n<blockquote><p><span style=\"color: #ffcc00\" data-darkreader-inline-color=\"\">Le Conseil d\u2019Administration va-t-il enfin <\/span><span style=\"color: #ffcc00\" data-darkreader-inline-color=\"\">mettre fin \u00e0 ces injustices en <\/span><span style=\"color: #ffcc00\" data-darkreader-inline-color=\"\">utilisant progressivement la <\/span><span style=\"color: #ffcc00\" data-darkreader-inline-color=\"\">r\u00e9serve exc\u00e9dentaire ?<\/span><\/p><\/blockquote>\n<pre>Pour d\u00e9fendre votre pouvoir d\u2019achat, votre retraite, \r\nvotre sant\u00e9, vos besoins quotidiens :\r\nNe restez pas isol\u00e9, syndiquez-vous \u00e0 la CGT ! \r\n<span style=\"color: #ff0000;--darkreader-inline-color: var(--darkreader-text-ff0000, #ff1a1a)\" data-darkreader-inline-color=\"\">voir coordonn\u00e9es ci-dessous\r\n\r\n<span style=\"color: #000000\" data-darkreader-inline-color=\"\">Contactez vos repr\u00e9sentants CGT : \r\nsae-corbeil@cgtsafran.com<\/span>\r\n<\/span><\/pre>\n<p><span style=\"color: #ff0000;--darkreader-inline-color: var(--darkreader-text-000000, #e8e6e3)\" data-darkreader-inline-color=\"\">LA CGT PROPOSE<\/span><\/p>\n<p><strong>Pour les salari\u00e9s :<\/strong><br \/>\n\u2022 Le gel du prix d\u2019achat du point et une garantie minimale de points pour que la cotisation garantisse des retraites convenables et que les<br \/>\naugmentations de salaire permettent de regagner plus de points et d\u2019am\u00e9liorer leur retraite !<br \/>\n\u2022 La mise en place d\u2019une GMP (Garantie Minimum des Points) !<br \/>\n\u2022 L\u2019attribution d\u2019une majoration de 5% d\u00e8s le premier enfant !<br \/>\n<strong>Pour les retrait\u00e9s :<\/strong><br \/>\n\u2022 Une augmentation de 10 %, en rattrapage des pertes de ces derni\u00e8res ann\u00e9es, et pour l\u2019avenir, des augmentations au moins \u00e9quivalentes \u00e0 celles des salaires et des prix.<\/p>\n<p><span style=\"color: #ff0000;--darkreader-inline-color: var(--darkreader-text-ff0000, #ff1a1a)\" data-darkreader-inline-color=\"\">MINORATION : UN SCANDALE !<\/span><br \/>\n<span style=\"color: #33cccc;--darkreader-inline-color: var(--darkreader-text-00ffff, #1affff)\" data-darkreader-inline-color=\"\">Dans le cas g\u00e9n\u00e9ral, pour calculer sa retraite <\/span><span style=\"color: #33cccc;--darkreader-inline-color: var(--darkreader-text-00ffff, #1affff)\" data-darkreader-inline-color=\"\">compl\u00e9mentaire, on multiplie le nombre de points <\/span><span style=\"color: #33cccc;--darkreader-inline-color: var(--darkreader-text-00ffff, #1affff)\" data-darkreader-inline-color=\"\">que l\u2019on a acquis par leur \u00ab valeur de service \u00bb fix\u00e9e <\/span><span style=\"color: #33cccc;--darkreader-inline-color: var(--darkreader-text-00ffff, #1affff)\" data-darkreader-inline-color=\"\">chaque ann\u00e9e par le conseil d\u2019administration. <\/span><span style=\"color: #33cccc;--darkreader-inline-color: var(--darkreader-text-00ffff, #1affff)\" data-darkreader-inline-color=\"\">Mais pour celles et ceux qui n\u2019ont pas une carri\u00e8re <\/span><span style=\"color: #33cccc;--darkreader-inline-color: var(--darkreader-text-00ffff, #1affff)\" data-darkreader-inline-color=\"\">compl\u00e8te, et qui ont donc peu de points, l\u2019AGIRC-<\/span><span style=\"color: #33cccc;--darkreader-inline-color: var(--darkreader-text-00ffff, #1affff)\" data-darkreader-inline-color=\"\">ARRCO applique un coefficient de minoration !<\/span><br \/>\n<span style=\"color: #33cccc;--darkreader-inline-color: var(--darkreader-text-33cccc, #47d1d1)\" data-darkreader-inline-color=\"\"><span style=\"color: #ff0000\" data-darkreader-inline-color=\"\">C\u2019est la double peine,<\/span> qui p\u00e9nalise principalement <\/span><span style=\"color: #33cccc;--darkreader-inline-color: var(--darkreader-text-00ffff, #1affff)\" data-darkreader-inline-color=\"\">les femmes et maintien des retraites au ras des <\/span><span style=\"color: #33cccc;--darkreader-inline-color: var(--darkreader-text-00ffff, #1affff)\" data-darkreader-inline-color=\"\">p\u00e2querettes. <\/span><span style=\"color: #33cccc;--darkreader-inline-color: var(--darkreader-text-00ffff, #1affff)\" data-darkreader-inline-color=\"\">La CGT exige l\u2019abandon de cette minoration !<\/span><\/p>\n<blockquote>\n<h3><span style=\"color: #ff0000\" data-darkreader-inline-color=\"\">SALARI\u00c9S &amp; RETRAIT\u00c9S <\/span><span style=\"color: #ff0000\" data-darkreader-inline-color=\"\">AGIR ENSEMBLE POUR GAGNER !<\/span><\/h3>\n<\/blockquote>\n<p>Les repr\u00e9sentants CGT, au conseil d\u2019administration AGIRC-ARRCO, d\u00e9fendront vos revendications lors de la r\u00e9union du 17 octobre 2025.<\/p>\n<p>Signez la p\u00e9tition ci-dessous<\/p>\n<p>Mais, pour avoir plus de poids et faire reculer le patronat, nous avons besoin de vous :<\/p>\n<p>Participez aux d\u00e9l\u00e9gations qui iront remettre les p\u00e9titions sign\u00e9es aux si\u00e8ges AGIRC-ARRCO-CICAS dans les r\u00e9gions et \u00e0 Paris*<\/p>\n<p><a href=\"https:\/\/docs.google.com\/forms\/d\/e\/1FAIpQLSdmaUjUmwi7Tipky9a_hzfAx7bWrXH5b29piMvtLSEkUrvW3w\/viewform\" target=\"_blank\" rel=\"noopener\">Signez la P\u00c9TITION<\/a><br \/>\nRendez-nous nos 40 milliards d\u2019euros ! 10 % d\u2019augmentation en rattrapage des pertes de ces derni\u00e8res ann\u00e9es ! Le gel du prix d\u2019achat du point !<\/p>\n<blockquote><p><span style=\"color: #ffcc00;--darkreader-inline-color: var(--darkreader-text-ff9900, #ffa31a)\" data-darkreader-inline-color=\"\">En gr\u00e8ve le vendredi 17 octobre 2025 <\/span><span style=\"color: #ffcc00;--darkreader-inline-color: var(--darkreader-text-ff9900, #ffa31a)\" data-darkreader-inline-color=\"\">devant le si\u00e8ge de l\u2019AGIRC \u2013 ARRCO \u00e0 10 H 30<\/span><br \/>\n<span style=\"color: #ffcc00;--darkreader-inline-color: var(--darkreader-text-ff9900, #ffa31a)\" data-darkreader-inline-color=\"\">(16 \u2013 18 Rue Jules C\u00e9sar Paris 12E)<\/span><br \/>\n<span style=\"color: #ffcc00;--darkreader-inline-color: var(--darkreader-text-ff9900, #ffa31a)\" data-darkreader-inline-color=\"\">L\u2019appel \u00e0 la gr\u00e8ve couvre la journ\u00e9e compl\u00e8te du 17 octobre 2025<\/span><\/p><\/blockquote>\n","protected":false},"excerpt":{"rendered":"<p>17 octobre 2025 MOBILISATION DES M\u00c9TALLOS \u00c0 10h30 DEVANT L\u2019AGIRC- ARRCO* Rendez-nous nos 40 Milliards D&rsquo;\u20ac!! C\u2019EST QUOI ? L\u2019AGIRC-ARRCO est le r\u00e9gime de retraite compl\u00e9mentaire de tous les salari\u00e9s du priv\u00e9 (industrie, commerce,\u00a0 b\u00e2timent \u2026) et de certains salari\u00e9s de droit priv\u00e9 dans la fonction publique. UN PACTOLE INCROYABLE L\u2019AGIRC-ARRCO dispose de 85,6 milliards [&hellip;]<\/p>\n","protected":false},"author":32,"featured_media":2919,"comment_status":"open","ping_status":"closed","sticky":false,"template":"","format":"standard","meta":{"_acf_changed":false,"wds_primary_category":0,"wds_primary_featuring":0,"wds_primary_perimetre":0,"wds_primary_themes":0,"wds_primary_documents":0,"wds_primary_geographie":0,"wds_primary_secteur":0,"footnotes":""},"categories":[1],"tags":[],"class_list":["post-2918","post","type-post","status-publish","format-standard","has-post-thumbnail","hentry","category-actus"],"acf":[],"_links":{"self":[{"href":"https:\/\/cgtsafran.com\/sae\/wp-json\/wp\/v2\/posts\/2918","targetHints":{"allow":["GET"]}}],"collection":[{"href":"https:\/\/cgtsafran.com\/sae\/wp-json\/wp\/v2\/posts"}],"about":[{"href":"https:\/\/cgtsafran.com\/sae\/wp-json\/wp\/v2\/types\/post"}],"author":[{"embeddable":true,"href":"https:\/\/cgtsafran.com\/sae\/wp-json\/wp\/v2\/users\/32"}],"replies":[{"embeddable":true,"href":"https:\/\/cgtsafran.com\/sae\/wp-json\/wp\/v2\/comments?post=2918"}],"version-history":[{"count":2,"href":"https:\/\/cgtsafran.com\/sae\/wp-json\/wp\/v2\/posts\/2918\/revisions"}],"predecessor-version":[{"id":2924,"href":"https:\/\/cgtsafran.com\/sae\/wp-json\/wp\/v2\/posts\/2918\/revisions\/2924"}],"wp:featuredmedia":[{"embeddable":true,"href":"https:\/\/cgtsafran.com\/sae\/wp-json\/wp\/v2\/media\/2919"}],"wp:attachment":[{"href":"https:\/\/cgtsafran.com\/sae\/wp-json\/wp\/v2\/media?parent=2918"}],"wp:term":[{"taxonomy":"category","embeddable":true,"href":"https:\/\/cgtsafran.com\/sae\/wp-json\/wp\/v2\/categories?post=2918"},{"taxonomy":"post_tag","embeddable":true,"href":"https:\/\/cgtsafran.com\/sae\/wp-json\/wp\/v2\/tags?post=2918"}],"curies":[{"name":"wp","href":"https:\/\/api.w.org\/{rel}","templated":true}]}}