{"id":2907,"date":"2025-10-13T09:08:07","date_gmt":"2025-10-13T07:08:07","guid":{"rendered":"https:\/\/cgtsafran.com\/sae\/?p=2907"},"modified":"2025-10-13T09:08:07","modified_gmt":"2025-10-13T07:08:07","slug":"je-suis-kamel","status":"publish","type":"post","link":"https:\/\/cgtsafran.com\/sae\/je-suis-kamel\/","title":{"rendered":"Je suis Kamel"},"content":{"rendered":"<p><strong>Kamel est un salari\u00e9, coll\u00e8gue, militant CGT<\/strong> qui s\u2019est battu pour faire reconna\u00eetre la discrimination<br \/>\nraciale et a toujours d\u00e9fendu quotidiennement, sans rel\u00e2che, les conditions de travail et les droits des<br \/>\nsalari\u00e9s, notamment de ses coll\u00e8gues proches.<\/p>\n<h3>\n<strong>Kamel c\u2019est trois victoires en justice face \u00e0 SAFRAN : son embauche, la discrimination raciale et<\/strong><br \/>\n<strong>son licenciement en premi\u00e8re instance.<\/strong><\/h3>\n<h3><span style=\"color: #ff0000\" data-darkreader-inline-color=\"\">Et c\u2019est bien \u00e7a qui d\u00e9range.<\/span><\/h3>\n<p>Il y a 5 ans, en 2020, la direction avait tent\u00e9 de licencier Kamel, op\u00e9rateur aux traitements de surface.<br \/>\nCette volont\u00e9 avait \u00e9t\u00e9 invalid\u00e9e par l&rsquo;inspecteur du travail. La direction avait fait intervenir le minist\u00e8re<br \/>\ndu travail pour passer outre la d\u00e9cision de l&rsquo;inspecteur.<\/p>\n<p>Apr\u00e8s une p\u00e9riode hors de l&rsquo;entreprise et le dossier port\u00e9 devant le tribunal, en 2023 la justice, appuy\u00e9e<br \/>\npar le d\u00e9fenseur des droits, avait contredit Safran et le minist\u00e8re du travail, ordonnant sa r\u00e9int\u00e9gration.<br \/>\nMais Safran n&rsquo;a pas voulu rester sur cet \u00e9chec et a poursuivi en appel.<\/p>\n<p>A peine la d\u00e9cision de la cour d\u2019appel tomb\u00e9e, la direction a fait le choix de remettre un courrier et faire<br \/>\nsortir du site notre coll\u00e8gue. <strong>Il n\u2019y avait pourtant aucune obligation \u00e0 licencier Kamel<\/strong>, juste une<br \/>\npossibilit\u00e9 octroy\u00e9e par le minist\u00e8re du travail \u00e0 Safran. La direction peut tout \u00e0 fait r\u00e9int\u00e9grer notre<br \/>\ncoll\u00e8gue et surtout pouvait ne pas le licencier.<\/p>\n<p><strong>La direction a occult\u00e9 que depuis sa r\u00e9int\u00e9gration, il y a plus de deux ans, Kamel a d\u00e9montr\u00e9 un<\/strong><br \/>\n<strong>professionnalisme sans faille dans l\u2019exercice de ses missions et un parfait comportement avec<\/strong><br \/>\n<strong>ses coll\u00e8gues de travail et sa hi\u00e9rarchie.<\/strong><\/p>\n<blockquote><p><em><strong><span style=\"color: #ff0000;--darkreader-inline-color: var(--darkreader-text-ff0000, #ff1a1a)\" data-darkreader-inline-color=\"\">Deux augmentations individuelles lui ont m\u00eame \u00e9t\u00e9 attribu\u00e9es ces deux derni\u00e8res ann\u00e9es.<\/span><\/strong><\/em><\/p><\/blockquote>\n<p><strong>Vers 20h00, mardi 23 septembre 2025,<\/strong> le directeur du site, le directeur des ressources humaines et<br \/>\ndes gardiens sont venus \u00e0 son poste de travail et <strong>l\u2019ont expuls\u00e9 de l\u2019entreprise<\/strong>, comme s\u2019il \u00e9tait un<br \/>\ndangereux individu, tout en se justifiant de ne faire qu\u2019ob\u00e9ir aux ordres de la direction g\u00e9n\u00e9rale SAE.<\/p>\n<p><em><strong>Qu\u2019est-ce qui justifie cette fa\u00e7on de proc\u00e9der et avec une telle pr\u00e9cipitation ?<\/strong><\/em><br \/>\n<em><strong>Alors m\u00eame que la notification de la d\u00e9cision de justice n\u2019a \u00e9t\u00e9 transmise que le<\/strong><\/em><br \/>\n<em><strong>lendemain, mercredi 24 septembre 2025.<\/strong><\/em><\/p>\n<p>La CGT avait pourtant rencontr\u00e9 la direction afin d\u2019anticiper les suites de la d\u00e9cision de la cour d\u2019appel.<br \/>\nNotre demande est rest\u00e9e sans r\u00e9ponse. Ce coup port\u00e9 \u00e0 notre camarade est une attaque directe et<br \/>\nfrontale contre tous les principes que Safran pr\u00e9tend afficher.<\/p>\n<p><strong><span style=\"color: #ff0000;--darkreader-inline-color: var(--darkreader-text-ff0000, #ff1a1a)\" data-darkreader-inline-color=\"\">La CGT condamne ces agissements profond\u00e9ment intol\u00e9rables<\/span><\/strong><br \/>\n<strong><span style=\"color: #ff0000;--darkreader-inline-color: var(--darkreader-text-ff0000, #ff1a1a)\" data-darkreader-inline-color=\"\">et exige la r\u00e9int\u00e9gration de Kamel.<\/span><\/strong><\/p>\n","protected":false},"excerpt":{"rendered":"<p>Kamel est un salari\u00e9, coll\u00e8gue, militant CGT qui s\u2019est battu pour faire reconna\u00eetre la discrimination raciale et a toujours d\u00e9fendu quotidiennement, sans rel\u00e2che, les conditions de travail et les droits des salari\u00e9s, notamment de ses coll\u00e8gues proches. Kamel c\u2019est trois victoires en justice face \u00e0 SAFRAN : son embauche, la discrimination raciale et son licenciement [&hellip;]<\/p>\n","protected":false},"author":32,"featured_media":2912,"comment_status":"open","ping_status":"closed","sticky":false,"template":"","format":"standard","meta":{"_acf_changed":false,"wds_primary_category":0,"wds_primary_featuring":0,"wds_primary_perimetre":0,"wds_primary_themes":0,"wds_primary_documents":0,"wds_primary_geographie":0,"wds_primary_secteur":0,"footnotes":""},"categories":[1],"tags":[],"class_list":["post-2907","post","type-post","status-publish","format-standard","has-post-thumbnail","hentry","category-actus"],"acf":[],"_links":{"self":[{"href":"https:\/\/cgtsafran.com\/sae\/wp-json\/wp\/v2\/posts\/2907","targetHints":{"allow":["GET"]}}],"collection":[{"href":"https:\/\/cgtsafran.com\/sae\/wp-json\/wp\/v2\/posts"}],"about":[{"href":"https:\/\/cgtsafran.com\/sae\/wp-json\/wp\/v2\/types\/post"}],"author":[{"embeddable":true,"href":"https:\/\/cgtsafran.com\/sae\/wp-json\/wp\/v2\/users\/32"}],"replies":[{"embeddable":true,"href":"https:\/\/cgtsafran.com\/sae\/wp-json\/wp\/v2\/comments?post=2907"}],"version-history":[{"count":3,"href":"https:\/\/cgtsafran.com\/sae\/wp-json\/wp\/v2\/posts\/2907\/revisions"}],"predecessor-version":[{"id":2917,"href":"https:\/\/cgtsafran.com\/sae\/wp-json\/wp\/v2\/posts\/2907\/revisions\/2917"}],"wp:featuredmedia":[{"embeddable":true,"href":"https:\/\/cgtsafran.com\/sae\/wp-json\/wp\/v2\/media\/2912"}],"wp:attachment":[{"href":"https:\/\/cgtsafran.com\/sae\/wp-json\/wp\/v2\/media?parent=2907"}],"wp:term":[{"taxonomy":"category","embeddable":true,"href":"https:\/\/cgtsafran.com\/sae\/wp-json\/wp\/v2\/categories?post=2907"},{"taxonomy":"post_tag","embeddable":true,"href":"https:\/\/cgtsafran.com\/sae\/wp-json\/wp\/v2\/tags?post=2907"}],"curies":[{"name":"wp","href":"https:\/\/api.w.org\/{rel}","templated":true}]}}