{"id":2878,"date":"2025-09-11T13:10:36","date_gmt":"2025-09-11T11:10:36","guid":{"rendered":"https:\/\/cgtsafran.com\/sae\/?p=2878"},"modified":"2025-09-11T13:13:49","modified_gmt":"2025-09-11T11:13:49","slug":"les-sacrifices-pour-le-monde-du-travail-ca-suffit","status":"publish","type":"post","link":"https:\/\/cgtsafran.com\/sae\/les-sacrifices-pour-le-monde-du-travail-ca-suffit\/","title":{"rendered":"Les sacrifices pour le monde du travail \u00e7a suffit !!"},"content":{"rendered":"<h1>Communication Corbeil<\/h1>\n<hr \/>\n<h2>Les sacrifices pour le monde<br \/>\ndu travail \u00e7a suffit !!<\/h2>\n<h4><span style=\"color: #ff0000\">Enterrons le mus\u00e9e des horreurs du budget Bayrou<\/span><\/h4>\n<h5><strong>Le gouvernement veut encore faire payer les travailleuses et les<\/strong><br \/>\n<strong>travailleurs, les pr\u00e9caires, les retrait\u00e9\u00b7es, les malades :<\/strong><\/h5>\n<p>Suppression de deux jours f\u00e9ri\u00e9s, coupes dans les services publics,<br \/>\naffaiblissement du droit du travail, \u00e9ni\u00e8me r\u00e9forme de l&rsquo;assurance ch\u00f4mage,<br \/>\ngel des prestations sociales et des salaires des fonctionnaires et des<br \/>\ncontractuel\u00b7les, d\u00e9sindexation des pensions, doublement des franchises<br \/>\nm\u00e9dicales, remise en cause de la 5e semaine de cong\u00e9s pay\u00e9s&#8230;<\/p>\n<h5><strong>Ces mesures sont aussi brutales qu\u2019injustes !<\/strong><\/h5>\n<blockquote><p>Signez la p\u00e9tition sur StopBudgetBayrou.fr et calculez le co\u00fbt du budget<br \/>\nBayrou sur votre quotidien gr\u00e2ce au simulateur CGT &gt; cgt.fr\/simulateur<\/p><\/blockquote>\n<h4><span style=\"color: #ff0000\">Les ingr\u00e9dients sont r\u00e9unis pour gagner !<\/span><\/h4>\n<p><strong>Le ras-le-bol social est \u00e9norme.<\/strong> Gr\u00e2ce \u00e0 notre mobilisation contre la<br \/>\nr\u00e9forme des retraites, le gouvernement n\u2019a jamais \u00e9t\u00e9 aussi faible.<br \/>\nEmmanuel Macron n\u2019a plus de majorit\u00e9 pour faire passer ses r\u00e9formes.<br \/>\nPour \u00e9viter d\u2019avoir \u00e0 modifier son budget, Fran\u00e7ois Bayrou en est r\u00e9duit \u00e0<br \/>\nservir de fusible. Ne nous laissons pas distraire par cette manoeuvre de<br \/>\ndiversion politicienne.<br \/>\n<strong>Quelle que soit la situation gouvernementale, nous voulons un autre<\/strong><br \/>\n<strong>budget pour r\u00e9pondre aux urgences sociales et environnementales !<\/strong><\/p>\n<h3><span style=\"color: #ff0000\">18 septembre : toutes et tous ensemble dans une grande<\/span><br \/>\n<span style=\"color: #ff0000\">journ\u00e9e de gr\u00e8ves et de manifestations<\/span><\/h3>\n<p>Toutes les organisations syndicales appellent \u00e0 la mobilisation unitaire et<br \/>\ninterprofessionnelle par la gr\u00e8ve et des manifestations partout en France<br \/>\nle mardi 18 septembre.<\/p>\n<p>\u00c0 nous d\u2019agir ! Rassemblons-nous et d\u00e9battons des moyens pour pr\u00e9parer<br \/>\nune mobilisation et des gr\u00e8ves les plus massives possible.<br \/>\nDe nombreux secteurs sont d\u00e9j\u00e0 mobilis\u00e9s : les h\u00f4pitaux, l\u2019\u00e9nergie, les<br \/>\nindustries, les transports, l\u2019audiovisuel public et la culture\u2026<br \/>\n<strong>La col\u00e8re s\u2019\u00e9tend ! Nous sommes d\u00e9termin\u00e9s \u00e0 renverser le rapport de<\/strong><br \/>\n<strong>force pour transformer la col\u00e8re en victoires !<\/strong><\/p>\n","protected":false},"excerpt":{"rendered":"<p>Communication Corbeil Les sacrifices pour le monde du travail \u00e7a suffit !! Enterrons le mus\u00e9e des horreurs du budget Bayrou Le gouvernement veut encore faire payer les travailleuses et les travailleurs, les pr\u00e9caires, les retrait\u00e9\u00b7es, les malades : Suppression de deux jours f\u00e9ri\u00e9s, coupes dans les services publics, affaiblissement du droit du travail, \u00e9ni\u00e8me r\u00e9forme [&hellip;]<\/p>\n","protected":false},"author":32,"featured_media":2612,"comment_status":"open","ping_status":"closed","sticky":false,"template":"","format":"standard","meta":{"_acf_changed":false,"wds_primary_category":0,"wds_primary_featuring":0,"wds_primary_perimetre":0,"wds_primary_themes":0,"wds_primary_documents":0,"wds_primary_geographie":0,"wds_primary_secteur":0,"footnotes":""},"categories":[1],"tags":[],"class_list":["post-2878","post","type-post","status-publish","format-standard","has-post-thumbnail","hentry","category-actus"],"acf":[],"_links":{"self":[{"href":"https:\/\/cgtsafran.com\/sae\/wp-json\/wp\/v2\/posts\/2878","targetHints":{"allow":["GET"]}}],"collection":[{"href":"https:\/\/cgtsafran.com\/sae\/wp-json\/wp\/v2\/posts"}],"about":[{"href":"https:\/\/cgtsafran.com\/sae\/wp-json\/wp\/v2\/types\/post"}],"author":[{"embeddable":true,"href":"https:\/\/cgtsafran.com\/sae\/wp-json\/wp\/v2\/users\/32"}],"replies":[{"embeddable":true,"href":"https:\/\/cgtsafran.com\/sae\/wp-json\/wp\/v2\/comments?post=2878"}],"version-history":[{"count":2,"href":"https:\/\/cgtsafran.com\/sae\/wp-json\/wp\/v2\/posts\/2878\/revisions"}],"predecessor-version":[{"id":2882,"href":"https:\/\/cgtsafran.com\/sae\/wp-json\/wp\/v2\/posts\/2878\/revisions\/2882"}],"wp:featuredmedia":[{"embeddable":true,"href":"https:\/\/cgtsafran.com\/sae\/wp-json\/wp\/v2\/media\/2612"}],"wp:attachment":[{"href":"https:\/\/cgtsafran.com\/sae\/wp-json\/wp\/v2\/media?parent=2878"}],"wp:term":[{"taxonomy":"category","embeddable":true,"href":"https:\/\/cgtsafran.com\/sae\/wp-json\/wp\/v2\/categories?post=2878"},{"taxonomy":"post_tag","embeddable":true,"href":"https:\/\/cgtsafran.com\/sae\/wp-json\/wp\/v2\/tags?post=2878"}],"curies":[{"name":"wp","href":"https:\/\/api.w.org\/{rel}","templated":true}]}}