{"id":1418,"date":"2022-06-09T13:23:21","date_gmt":"2022-06-09T11:23:21","guid":{"rendered":"https:\/\/cgtsafran.com\/sae\/?p=1418"},"modified":"2022-06-13T12:17:46","modified_gmt":"2022-06-13T10:17:46","slug":"villaroche-ca-peut-toujours-servir","status":"publish","type":"post","link":"https:\/\/cgtsafran.com\/sae\/villaroche-ca-peut-toujours-servir\/","title":{"rendered":"Villaroche &#8211; \u00c7a peut toujours servir"},"content":{"rendered":"<p><img loading=\"lazy\" decoding=\"async\" class=\"alignnone wp-image-1419\" src=\"https:\/\/cgtsafran.com\/sae\/wp-content\/uploads\/sites\/8\/2022\/06\/Capture-decran-2022-06-09-131156.png\" alt=\"\" width=\"1059\" height=\"327\" srcset=\"https:\/\/cgtsafran.com\/sae\/wp-content\/uploads\/sites\/8\/2022\/06\/Capture-decran-2022-06-09-131156.png 790w, https:\/\/cgtsafran.com\/sae\/wp-content\/uploads\/sites\/8\/2022\/06\/Capture-decran-2022-06-09-131156-300x93.png 300w, https:\/\/cgtsafran.com\/sae\/wp-content\/uploads\/sites\/8\/2022\/06\/Capture-decran-2022-06-09-131156-768x237.png 768w\" sizes=\"auto, (max-width: 1059px) 100vw, 1059px\" \/><\/p>\n<p>Souvent, les \u00ab sp\u00e9cialistes \u00bb de tous poils alimentent l\u2019illusion qu\u2019il n\u2019y a aucune alternative possible aux politiques ultra-lib\u00e9rales et aust\u00e9ritaires\u2026 dans la pure continuit\u00e9 des politiques neo-lib\u00e9rales des ann\u00e9es 80 \u2026 le fameux \u00ab\u00a0TINA\u00a0\u00bb ( \u00ab\u00a0There Is No Alternative\u00a0\u00bb) de Margaret Tatcher.<\/p>\n<p>Pour faire rentrer dans les esprits ce dogme, ils font force de vocabulaire d\u00e9montrant un \u00e9cart avec des \u00e9conomies voisines, mettant en lumi\u00e8re un d\u00e9ficit par ci, un indicateur par l\u00e0.<\/p>\n<p>Or, les termes utilis\u00e9s ou les d\u00e9monstrations faites n\u2019ont que rarement du fondement et sont souvent mal compris ou mal interpr\u00e9t\u00e9s.<\/p>\n<p>Ainsi, pour tenter d\u2019\u00e9claircir les esprits curieux, nous vous proposons une s\u00e9rie de petits r\u00e9capitulatifs sur certains termes \u00e9conomiques. Vous en trouverez r\u00e9guli\u00e8rement dans nos tracts et vous pourrez les retrouver sur notre site internet.<\/p>\n<p>Les premi\u00e8res fiches vous sembleront peut-\u00eatre un peu \u00e9loign\u00e9es de vos pr\u00e9occupations, mais il nous a sembl\u00e9 n\u00e9cessaire de revenir sur la d\u00e9finition des grands indicateurs \u00e9conomiques.<\/p>\n<p>Les sources sont \u00e9galement fournies. Elles s\u2019appuient essentiellement sur des statistiques issues de l\u2019OCDE ou de l\u2019INSEE.<\/p>\n<p>N\u2019h\u00e9sitez pas \u00e0 collectionner ces fiches, les partager et, si le c\u0153ur vous en dit, d\u2019approfondir chacun des sujets trait\u00e9s\u00a0!<\/p>\n<p><img loading=\"lazy\" decoding=\"async\" class=\"alignnone wp-image-1421\" src=\"https:\/\/cgtsafran.com\/sae\/wp-content\/uploads\/sites\/8\/2022\/06\/fiche1-1.jpg\" alt=\"\" width=\"1404\" height=\"793\" srcset=\"https:\/\/cgtsafran.com\/sae\/wp-content\/uploads\/sites\/8\/2022\/06\/fiche1-1.jpg 1306w, https:\/\/cgtsafran.com\/sae\/wp-content\/uploads\/sites\/8\/2022\/06\/fiche1-1-300x170.jpg 300w, https:\/\/cgtsafran.com\/sae\/wp-content\/uploads\/sites\/8\/2022\/06\/fiche1-1-1024x579.jpg 1024w, https:\/\/cgtsafran.com\/sae\/wp-content\/uploads\/sites\/8\/2022\/06\/fiche1-1-768x434.jpg 768w\" sizes=\"auto, (max-width: 1404px) 100vw, 1404px\" \/><\/p>\n","protected":false},"excerpt":{"rendered":"<p>Souvent, les \u00ab sp\u00e9cialistes \u00bb de tous poils alimentent l\u2019illusion qu\u2019il n\u2019y a aucune alternative possible aux politiques ultra-lib\u00e9rales et aust\u00e9ritaires\u2026 dans la pure continuit\u00e9 des politiques neo-lib\u00e9rales des ann\u00e9es 80 \u2026 le fameux \u00ab\u00a0TINA\u00a0\u00bb ( \u00ab\u00a0There Is No Alternative\u00a0\u00bb) de Margaret Tatcher. Pour faire rentrer dans les esprits ce dogme, ils font force de [&hellip;]<\/p>\n","protected":false},"author":18,"featured_media":1425,"comment_status":"open","ping_status":"closed","sticky":false,"template":"","format":"standard","meta":{"_acf_changed":false,"wds_primary_category":0,"wds_primary_featuring":0,"wds_primary_perimetre":0,"wds_primary_themes":0,"wds_primary_documents":0,"wds_primary_geographie":0,"wds_primary_secteur":0,"footnotes":""},"categories":[1],"tags":[],"class_list":["post-1418","post","type-post","status-publish","format-standard","has-post-thumbnail","hentry","category-actus","secteur-villaroche"],"acf":[],"_links":{"self":[{"href":"https:\/\/cgtsafran.com\/sae\/wp-json\/wp\/v2\/posts\/1418","targetHints":{"allow":["GET"]}}],"collection":[{"href":"https:\/\/cgtsafran.com\/sae\/wp-json\/wp\/v2\/posts"}],"about":[{"href":"https:\/\/cgtsafran.com\/sae\/wp-json\/wp\/v2\/types\/post"}],"author":[{"embeddable":true,"href":"https:\/\/cgtsafran.com\/sae\/wp-json\/wp\/v2\/users\/18"}],"replies":[{"embeddable":true,"href":"https:\/\/cgtsafran.com\/sae\/wp-json\/wp\/v2\/comments?post=1418"}],"version-history":[{"count":2,"href":"https:\/\/cgtsafran.com\/sae\/wp-json\/wp\/v2\/posts\/1418\/revisions"}],"predecessor-version":[{"id":1427,"href":"https:\/\/cgtsafran.com\/sae\/wp-json\/wp\/v2\/posts\/1418\/revisions\/1427"}],"wp:featuredmedia":[{"embeddable":true,"href":"https:\/\/cgtsafran.com\/sae\/wp-json\/wp\/v2\/media\/1425"}],"wp:attachment":[{"href":"https:\/\/cgtsafran.com\/sae\/wp-json\/wp\/v2\/media?parent=1418"}],"wp:term":[{"taxonomy":"category","embeddable":true,"href":"https:\/\/cgtsafran.com\/sae\/wp-json\/wp\/v2\/categories?post=1418"},{"taxonomy":"post_tag","embeddable":true,"href":"https:\/\/cgtsafran.com\/sae\/wp-json\/wp\/v2\/tags?post=1418"}],"curies":[{"name":"wp","href":"https:\/\/api.w.org\/{rel}","templated":true}]}}