{"id":1376,"date":"2022-04-21T12:56:17","date_gmt":"2022-04-21T10:56:17","guid":{"rendered":"https:\/\/cgtsafran.com\/sae\/?p=1376"},"modified":"2022-04-21T13:14:01","modified_gmt":"2022-04-21T11:14:01","slug":"villaroche-tract-du-21-avril-2022","status":"publish","type":"post","link":"https:\/\/cgtsafran.com\/sae\/villaroche-tract-du-21-avril-2022\/","title":{"rendered":"Villaroche. Tract du 21 avril 2022. 21 AVRIL : ENFIN UNE R\u00c9UNION !"},"content":{"rendered":"<h3>Revalorisation des salaires<\/h3>\n<hr \/>\n<h1>21 AVRIL : ENFIN UNE R\u00c9UNION !<\/h1>\n<p>Lors de sa derni\u00e8re communication, la CGT appelait \u00e0 une\u00a0<strong>mobilisation forte<\/strong>\u00a0<strong>dans l\u2019ensemble du groupe<\/strong>\u00a0le 5 mai prochain. Celle-ci, pour appuyer la demande de revalorisation des salaires impuls\u00e9e par notre syndicat et surtout, par les salari\u00e9s. Tout cela dans un contexte d\u2019application de l\u2019accord \u00abSortie de crise\u00bb sign\u00e9 par trois Organisations Syndicales en fin d\u2019ann\u00e9e 2021 malgr\u00e9 une\u00a0<strong>inflation majeure<\/strong>.<\/p>\n<p>Depuis, la Direction a d\u00e9cid\u00e9 de provoquer une<strong>\u00a0r\u00e9union suppl\u00e9mentaire<\/strong>\u00a0le 21 avril afin d\u2019<strong>apaiser les mouvements<\/strong>\u00a0sociaux en cours et \u00e0 venir. Il a d\u2019ailleurs fallu insister pour que les repr\u00e9sentants des syndicats qui se r\u00e9clament \u00e0 l\u2019origine de cette r\u00e9union\u00a0<strong>daignent se rendre disponibles<\/strong>\u00a0et cessent de vouloir la d\u00e9caler \u00e0 plus tard. Celle du 9 mai \u00e0 d\u2019ailleurs toujours \u00e9t\u00e9 maintenue &#8230;<\/p>\n<p>Malgr\u00e9 un contexte de tensions sociales \u00e9lev\u00e9es, la CGT SAFRAN reste\u00a0<strong>seule Organisation Syndicale \u00e0 accompagner les salari\u00e9s dans leurs actions<\/strong>. Aujourd\u2019hui, notre syndicat devient \u00e9galement le seul dont la pr\u00e9sence aux r\u00e9unions d\u2019\u00e9change est contest\u00e9e par un syndicat qui pr\u00e9f\u00e8re \u00e9viter d\u2019\u00eatre associ\u00e9 aux expressions de m\u00e9contentement des salari\u00e9s. Il est vrai que les \u00abgr\u00e8ves\u00bb et autres manifestations ne sont pas des plus appr\u00e9ci\u00e9es par les Directions. N\u00e9anmoins, notre syndicat pense que ce sont\u00a0<strong>les salari\u00e9s<\/strong>\u00a0qui doivent \u00eatre accompagn\u00e9s.<\/p>\n<p>Dans les incoh\u00e9rences, il est a relever l\u2019\u00e9tonnant\u00a0<strong>revirement de position<\/strong>\u00a0d\u2019un syndicat en quelques jours. Dans une interview du 25 mars 2022, il \u00e9tait affirm\u00e9 : \u00ab&#8230; nous ne ren\u00e9gocierons pas les salaires\u00bb.<\/p>\n<p>D\u00e9sormais, nous apprenons que si les salaires augmentent, cela serait gr\u00e2ce \u00e0 eux!<\/p>\n<blockquote><p><strong>La CGT regrette le manque d\u2019unit\u00e9 syndicale lorsque la d\u00e9fense de l\u2019int\u00e9r\u00eat des salari\u00e9s l\u2019exige. L\u2019approche des \u00e9lections professionnelles ne peut pas tout excuser!<\/strong><\/p><\/blockquote>\n<p>Chez Dassault, la CGT, la CFDT et FO ont r\u00e9ussi \u00e0 travailler de concert pour l\u2019int\u00e9r\u00eat collectif (+140\u20ac \/mois\/salari\u00e9).<\/p>\n<blockquote><p><span style=\"color: #ff0000\">La CGT Safran se rendra aux r\u00e9unions des 21 avril et 09 mai dans un esprit de\u00a0d\u00e9fense de l\u2019int\u00e9r\u00eat collectif, en accord avec les demandes des salari\u00e9s mobilis\u00e9s.<\/span><\/p>\n<p>&nbsp;<\/p><\/blockquote>\n<p style=\"text-align: right\" align=\"right\"><strong><u><span style=\"font-family: 'Arial',sans-serif;color: #125876\">Les coordinateurs syndicaux CGT Safran<\/span><\/u><\/strong><\/p>\n<hr \/>\n<p>&nbsp;<\/p>\n","protected":false},"excerpt":{"rendered":"<p>Revalorisation des salaires 21 AVRIL : ENFIN UNE R\u00c9UNION ! Lors de sa derni\u00e8re communication, la CGT appelait \u00e0 une\u00a0mobilisation forte\u00a0dans l\u2019ensemble du groupe\u00a0le 5 mai prochain. Celle-ci, pour appuyer la demande de revalorisation des salaires impuls\u00e9e par notre syndicat et surtout, par les salari\u00e9s. Tout cela dans un contexte d\u2019application de l\u2019accord \u00abSortie de [&hellip;]<\/p>\n","protected":false},"author":17,"featured_media":987,"comment_status":"open","ping_status":"closed","sticky":false,"template":"","format":"standard","meta":{"_acf_changed":false,"wds_primary_category":0,"wds_primary_featuring":0,"wds_primary_perimetre":0,"wds_primary_themes":0,"wds_primary_documents":0,"wds_primary_geographie":0,"wds_primary_secteur":0,"footnotes":""},"categories":[1],"tags":[],"class_list":["post-1376","post","type-post","status-publish","format-standard","has-post-thumbnail","hentry","category-actus","perimetre-1-oe-c","perimetre-2-tam-b","perimetre-3-ic-a","themes-salaires","documents-tracts","secteur-villaroche"],"acf":[],"_links":{"self":[{"href":"https:\/\/cgtsafran.com\/sae\/wp-json\/wp\/v2\/posts\/1376","targetHints":{"allow":["GET"]}}],"collection":[{"href":"https:\/\/cgtsafran.com\/sae\/wp-json\/wp\/v2\/posts"}],"about":[{"href":"https:\/\/cgtsafran.com\/sae\/wp-json\/wp\/v2\/types\/post"}],"author":[{"embeddable":true,"href":"https:\/\/cgtsafran.com\/sae\/wp-json\/wp\/v2\/users\/17"}],"replies":[{"embeddable":true,"href":"https:\/\/cgtsafran.com\/sae\/wp-json\/wp\/v2\/comments?post=1376"}],"version-history":[{"count":2,"href":"https:\/\/cgtsafran.com\/sae\/wp-json\/wp\/v2\/posts\/1376\/revisions"}],"predecessor-version":[{"id":1382,"href":"https:\/\/cgtsafran.com\/sae\/wp-json\/wp\/v2\/posts\/1376\/revisions\/1382"}],"wp:featuredmedia":[{"embeddable":true,"href":"https:\/\/cgtsafran.com\/sae\/wp-json\/wp\/v2\/media\/987"}],"wp:attachment":[{"href":"https:\/\/cgtsafran.com\/sae\/wp-json\/wp\/v2\/media?parent=1376"}],"wp:term":[{"taxonomy":"category","embeddable":true,"href":"https:\/\/cgtsafran.com\/sae\/wp-json\/wp\/v2\/categories?post=1376"},{"taxonomy":"post_tag","embeddable":true,"href":"https:\/\/cgtsafran.com\/sae\/wp-json\/wp\/v2\/tags?post=1376"}],"curies":[{"name":"wp","href":"https:\/\/api.w.org\/{rel}","templated":true}]}}