{"id":1365,"date":"2022-04-13T11:50:47","date_gmt":"2022-04-13T09:50:47","guid":{"rendered":"https:\/\/cgtsafran.com\/sae\/?p=1365"},"modified":"2022-04-20T09:01:52","modified_gmt":"2022-04-20T07:01:52","slug":"villaroche-tract-du-13-avril-2022-appel-pour-une-mobilisation-commune-tous-les-jeudis","status":"publish","type":"post","link":"https:\/\/cgtsafran.com\/sae\/villaroche-tract-du-13-avril-2022-appel-pour-une-mobilisation-commune-tous-les-jeudis\/","title":{"rendered":"Villaroche. Tract du 13 avril 2022. Appel pour une mobilisation commune tous les jeudis."},"content":{"rendered":"<h1>Appel pour une mobilisation commune tous les jeudis.<\/h1>\n<p>Les salari\u00e9s sont en gr\u00e8ve depuis <strong>10 semaines<\/strong> pour revendiquer une vraie politique salariale. Suite \u00e0 un sondage de la CGT effectu\u00e9 en d\u00e9cembre 2021, Les salari\u00e9s ont exprim\u00e9 une <strong>revendication de 200 euros net par mois en augmentation g\u00e9n\u00e9rale<\/strong>. Les salari\u00e9s demandent aussi <strong>un rattrapage des primes perdues<\/strong> (int\u00e9ressement et participation) depuis 2 ans.<\/p>\n<p>Une r\u00e9union entre les signataires de l\u2019accord \u00ab\u00a0fin de crise\u00a0\u00bb applicable jusqu\u2019au <strong>31\/12\/2023<\/strong> est pr\u00e9vue le 9 mai afin de faire le bilan des NAO tenues en 2022 conform\u00e9ment \u00e0 l\u2019article 9.3.<\/p>\n<p>Gr\u00e2ce \u00e0 la mobilisation des salari\u00e9s, une autre r\u00e9union devrait \u00eatre normalement pr\u00e9vue le m\u00eame jour o\u00f9 la CGT serait invit\u00e9e pour d\u00e9poser leurs revendications salariales.<\/p>\n<p>Depuis la semaine derni\u00e8re, les syndicats <strong>FO et CFDT commencent \u00e0 s\u2019int\u00e9resser aux revendications des gr\u00e9vistes \u00e0 Villaroche. Ont- ils pr\u00e9vu \u00e9galement de sortir leurs drapeaux\u00a0?<\/strong><\/p>\n<p>La CGT a toujours \u00e9t\u00e9 pr\u00eate \u00e0 discuter avec les autres organisations syndicales lors d\u2019intersyndicale ou mieux en heure d\u2019information devant les salari\u00e9s. C\u2019est ainsi que la CGT a propos\u00e9 \u00e0 la <strong>CFDT, FO, SUD, l\u2019UNSA et la CFE-CGC<\/strong>, une r\u00e9union intersyndicale le mardi 12 avril \u00e0 9h30. Aucun repr\u00e9sentant de ces OS n\u2019est venu.<\/p>\n<p>Plus nous serons nombreux \u00e0 revendiquer une vraie politique salariale, plus le poids des revendications sera pris en compte par la direction.<\/p>\n<p>Suite \u00e0 notre appel \u00e0 la gr\u00e8ve du jeudi dernier, nous avons appris que des salari\u00e9s du 3\u00e8me coll\u00e8ge se seraient d\u00e9clar\u00e9s en gr\u00e8ve. La CGT soutient tout type de gr\u00e8ve m\u00eame si le pr\u00e9sentiel est \u00e0 privil\u00e9gier.<\/p>\n<blockquote><p><strong>La CGT appelle donc toutes les organisations syndicales \u00e0 rejoindre le mouvement actuel<\/strong> pour un temps fort <strong>jeudi 14 avril<\/strong> <strong>\u00e0 9h30 au milieu du b\u00e2timent 35<\/strong> avec un d\u00e9brayage \u00e0 la carte 1 heure, 2 heures, demi-journ\u00e9e ou 1 journ\u00e9e.<\/p><\/blockquote>\n<p>Un barbecue sera pr\u00e9vu.<\/p>\n","protected":false},"excerpt":{"rendered":"<p>Appel pour une mobilisation commune tous les jeudis. Les salari\u00e9s sont en gr\u00e8ve depuis 10 semaines pour revendiquer une vraie politique salariale. Suite \u00e0 un sondage de la CGT effectu\u00e9 en d\u00e9cembre 2021, Les salari\u00e9s ont exprim\u00e9 une revendication de 200 euros net par mois en augmentation g\u00e9n\u00e9rale. Les salari\u00e9s demandent aussi un rattrapage des [&hellip;]<\/p>\n","protected":false},"author":17,"featured_media":1369,"comment_status":"open","ping_status":"closed","sticky":false,"template":"","format":"standard","meta":{"_acf_changed":false,"wds_primary_category":0,"wds_primary_featuring":0,"wds_primary_perimetre":0,"wds_primary_themes":0,"wds_primary_documents":0,"wds_primary_geographie":0,"wds_primary_secteur":0,"footnotes":""},"categories":[1],"tags":[],"class_list":["post-1365","post","type-post","status-publish","format-standard","has-post-thumbnail","hentry","category-actus","perimetre-1-oe-c","perimetre-2-tam-b","perimetre-3-ic-a","themes-greve","themes-salaires","documents-tracts","secteur-villaroche"],"acf":[],"_links":{"self":[{"href":"https:\/\/cgtsafran.com\/sae\/wp-json\/wp\/v2\/posts\/1365","targetHints":{"allow":["GET"]}}],"collection":[{"href":"https:\/\/cgtsafran.com\/sae\/wp-json\/wp\/v2\/posts"}],"about":[{"href":"https:\/\/cgtsafran.com\/sae\/wp-json\/wp\/v2\/types\/post"}],"author":[{"embeddable":true,"href":"https:\/\/cgtsafran.com\/sae\/wp-json\/wp\/v2\/users\/17"}],"replies":[{"embeddable":true,"href":"https:\/\/cgtsafran.com\/sae\/wp-json\/wp\/v2\/comments?post=1365"}],"version-history":[{"count":1,"href":"https:\/\/cgtsafran.com\/sae\/wp-json\/wp\/v2\/posts\/1365\/revisions"}],"predecessor-version":[{"id":1367,"href":"https:\/\/cgtsafran.com\/sae\/wp-json\/wp\/v2\/posts\/1365\/revisions\/1367"}],"wp:featuredmedia":[{"embeddable":true,"href":"https:\/\/cgtsafran.com\/sae\/wp-json\/wp\/v2\/media\/1369"}],"wp:attachment":[{"href":"https:\/\/cgtsafran.com\/sae\/wp-json\/wp\/v2\/media?parent=1365"}],"wp:term":[{"taxonomy":"category","embeddable":true,"href":"https:\/\/cgtsafran.com\/sae\/wp-json\/wp\/v2\/categories?post=1365"},{"taxonomy":"post_tag","embeddable":true,"href":"https:\/\/cgtsafran.com\/sae\/wp-json\/wp\/v2\/tags?post=1365"}],"curies":[{"name":"wp","href":"https:\/\/api.w.org\/{rel}","templated":true}]}}