{"id":1269,"date":"2022-03-10T13:00:37","date_gmt":"2022-03-10T12:00:37","guid":{"rendered":"https:\/\/cgtsafran.com\/sae\/?p=1269"},"modified":"2022-03-10T12:33:14","modified_gmt":"2022-03-10T11:33:14","slug":"villaroche-tract-du-10-mars-2022-gagner-sans-mobilisation-cela-nexiste-pas","status":"publish","type":"post","link":"https:\/\/cgtsafran.com\/sae\/villaroche-tract-du-10-mars-2022-gagner-sans-mobilisation-cela-nexiste-pas\/","title":{"rendered":"Villaroche. Tract du 10 mars 2022. Gagner sans mobilisation cela n\u2019existe pas."},"content":{"rendered":"<h1>Gagner sans mobilisation cela n\u2019existe pas<\/h1>\n<p>Apr\u00e8s 5 semaines de mobilisation, la CGT attend toujours les autres organisations syndicales pour discuter et construire des revendications concr\u00e8tes.<\/p>\n<p>Les \u00e9changes en intersyndicales ont \u00e9t\u00e9 refus\u00e9s jusqu\u2019\u00e0 ce jour. Grace \u00e0 la t\u00e9nacit\u00e9 des gr\u00e9vistes, les organisations syndicales ayant sign\u00e9 l\u2019accord de sortie de crise demandent de rouvrir les n\u00e9gociations<strong>. Lors des mouvements, aucun drapeau des organisations syndicales, hormis celui de la CGT n\u2019a montr\u00e9 le soutient aux salari\u00e9s<\/strong>. Les tracts du 9 mars sous entendent le contraire\u00a0!!<\/p>\n<p><strong>Les revendications de la CGT ne changeront pas apr\u00e8s 5 semaines de lutte<\/strong>. Il faut discuter, revendiquer, mobiliser et construire ensemble avant de signer quoi ce soit.<\/p>\n<p>La strat\u00e9gie des autres organisations syndicales n\u2019a pour but que de bien se faire valoriser pour les prochaines \u00e9lections.<\/p>\n<p>Ne soyons pas dupes, la seule force pour que la direction propose une revalorisation de salaire est, et restera la mobilisation des salari\u00e9s.<\/p>\n<p>Ce n\u2019est pas en \u00e9crivant des tracts pour demander une r\u00e9ouverture des n\u00e9gociations que celle-ci se fera. La CGT l\u2019avait demand\u00e9 au d\u00e9but du mouvement et la direction avait r\u00e9pondu qu\u2019il avait un accord sign\u00e9.<\/p>\n<p><strong>N\u2019oublions pas QUI a sign\u00e9 l\u2019accord de cadrage en 2021 et les NAO en 2022.<\/strong> Depuis le d\u00e9but du mouvement, la CGT demande aux autres organisations syndicales de retirer leur signature, qui refuse jusqu\u2019\u00e0 ce jour.<\/p>\n<blockquote><p>Le seul rapport de force qui fait que la direction se retrouve au pied du mur c\u2019est que les moteurs sortent moins du fait que les salari\u00e9s soient en gr\u00e8ve.<\/p>\n<p>Vu l\u2019engagement soudain des organisations syndicales signataires, la CGT leurs propose de se joindre au mouvement actuel afin de revendiquer 200 euros d\u2019augmentation g\u00e9n\u00e9rale net \/mois gr\u00e2ce \u00e0 un accord de fin de conflit.<\/p><\/blockquote>\n","protected":false},"excerpt":{"rendered":"<p>Gagner sans mobilisation cela n\u2019existe pas Apr\u00e8s 5 semaines de mobilisation, la CGT attend toujours les autres organisations syndicales pour discuter et construire des revendications concr\u00e8tes. Les \u00e9changes en intersyndicales ont \u00e9t\u00e9 refus\u00e9s jusqu\u2019\u00e0 ce jour. Grace \u00e0 la t\u00e9nacit\u00e9 des gr\u00e9vistes, les organisations syndicales ayant sign\u00e9 l\u2019accord de sortie de crise demandent de rouvrir [&hellip;]<\/p>\n","protected":false},"author":17,"featured_media":936,"comment_status":"open","ping_status":"closed","sticky":false,"template":"","format":"standard","meta":{"_acf_changed":false,"wds_primary_category":0,"wds_primary_featuring":0,"wds_primary_perimetre":0,"wds_primary_themes":0,"wds_primary_documents":0,"wds_primary_geographie":0,"wds_primary_secteur":0,"footnotes":""},"categories":[1],"tags":[],"class_list":["post-1269","post","type-post","status-publish","format-standard","has-post-thumbnail","hentry","category-actus","perimetre-1-oe-c","perimetre-2-tam-b","perimetre-3-ic-a","themes-greve","themes-salaires","documents-tracts","secteur-villaroche"],"acf":[],"_links":{"self":[{"href":"https:\/\/cgtsafran.com\/sae\/wp-json\/wp\/v2\/posts\/1269","targetHints":{"allow":["GET"]}}],"collection":[{"href":"https:\/\/cgtsafran.com\/sae\/wp-json\/wp\/v2\/posts"}],"about":[{"href":"https:\/\/cgtsafran.com\/sae\/wp-json\/wp\/v2\/types\/post"}],"author":[{"embeddable":true,"href":"https:\/\/cgtsafran.com\/sae\/wp-json\/wp\/v2\/users\/17"}],"replies":[{"embeddable":true,"href":"https:\/\/cgtsafran.com\/sae\/wp-json\/wp\/v2\/comments?post=1269"}],"version-history":[{"count":1,"href":"https:\/\/cgtsafran.com\/sae\/wp-json\/wp\/v2\/posts\/1269\/revisions"}],"predecessor-version":[{"id":1271,"href":"https:\/\/cgtsafran.com\/sae\/wp-json\/wp\/v2\/posts\/1269\/revisions\/1271"}],"wp:featuredmedia":[{"embeddable":true,"href":"https:\/\/cgtsafran.com\/sae\/wp-json\/wp\/v2\/media\/936"}],"wp:attachment":[{"href":"https:\/\/cgtsafran.com\/sae\/wp-json\/wp\/v2\/media?parent=1269"}],"wp:term":[{"taxonomy":"category","embeddable":true,"href":"https:\/\/cgtsafran.com\/sae\/wp-json\/wp\/v2\/categories?post=1269"},{"taxonomy":"post_tag","embeddable":true,"href":"https:\/\/cgtsafran.com\/sae\/wp-json\/wp\/v2\/tags?post=1269"}],"curies":[{"name":"wp","href":"https:\/\/api.w.org\/{rel}","templated":true}]}}