{"id":1259,"date":"2022-03-03T07:07:40","date_gmt":"2022-03-03T06:07:40","guid":{"rendered":"https:\/\/cgtsafran.com\/sae\/?p=1259"},"modified":"2022-03-03T14:12:20","modified_gmt":"2022-03-03T13:12:20","slug":"villaroche-tract-du-3-mars-2022-vu-les-chiffres-une-ag-a-200-euros-cest-rien-cr-dg-cgt-du-25-fevrier-2022","status":"publish","type":"post","link":"https:\/\/cgtsafran.com\/sae\/villaroche-tract-du-3-mars-2022-vu-les-chiffres-une-ag-a-200-euros-cest-rien-cr-dg-cgt-du-25-fevrier-2022\/","title":{"rendered":"Villaroche. Tract du 3 mars 2022. Vu les chiffres, une AG \u00e0 200 euros c\u2019est rien. CR DG-CGT du 25 f\u00e9vrier 2022."},"content":{"rendered":"<p>Les comptes 2021 du Groupe Safran ont \u00e9t\u00e9 publi\u00e9s le 24 F\u00e9vrier 2022.<\/p>\n<p>La direction annonce pour 2021, une <strong>forte croissance de la marge op\u00e9rationnelle et du cash-flow<\/strong>.<\/p>\n<p>Nous vous pr\u00e9sentons quelques chiffres rep\u00e8res\u00a0:<\/p>\n<p>&#8211; Chiffre d\u2019affaires 15\u00a0257 M\u20ac (-8%)<\/p>\n<p>&#8211; R\u00e9sultat op\u00e9rationnel courant 1\u00a0807 M\u20ac (+7%)<\/p>\n<p>&#8211; R\u00e9sultat net -10% (d\u00fb en grande partie \u00e0 une hausse d\u2019imp\u00f4ts)<\/p>\n<p>&#8211; Cash-flow libre (liquidit\u00e9s) 1\u00a0680 M\u20ac (+56%)<\/p>\n<p>&#8211; Taux de rentabilit\u00e9 11.8% contre 10.2% l\u2019ann\u00e9e derni\u00e8re<\/p>\n<p><u>Versement aux salari\u00e9s<\/u>\u00a0:<\/p>\n<p>&#8211; Participation, Int\u00e9ressement et divers abondements -66% depuis 2019.<\/p>\n<p><u>Versement aux actionnaires<\/u>\u00a0:<\/p>\n<p><strong>&#8211; Dividendes +17% par rapport \u00e0 l\u2019ann\u00e9e derni\u00e8re.<\/strong><\/p>\n<p>Gr\u00e2ce aux efforts de tous ses salari\u00e9s et des aides de l\u2019\u00c9tat, le groupe SAFRAN a maintenu une <strong>rentabilit\u00e9 \u00e0 deux chiffres<\/strong> depuis le d\u00e9but de la crise COVID.<\/p>\n<blockquote><p>Avec la publication des comptes, les salari\u00e9s mobilis\u00e9s, avec la CGT SAE Villaroche, revendiquent <strong>une augmentation g\u00e9n\u00e9rale de 200 euros par mois net<\/strong>.<\/p>\n<p>Un rattrapage des primes (int\u00e9ressement, participation avec l\u2019abondement) perdues depuis 2 ans doit \u00eatre fait.<\/p>\n<p>La CGT propose un rattrapage <strong>des primes d\u2019\u00e9quipe,<\/strong> <strong>de la prime \u00e9nergie et une augmentation du 13\u00e8me mois.<\/strong><\/p>\n<p>Un engagement \u00e9crit sur <strong>une revalorisation des salaires au minimum bas\u00e9e sur le niveau de l\u2019inflation<\/strong> pour les ann\u00e9es \u00e0 venir.<\/p><\/blockquote>\n<p><strong>On ne l\u00e2che rien\u00a0!!!! On ne l\u00e2che rien\u00a0!!!! On ne l\u00e2che rien\u00a0!!!!<\/strong><\/p>\n<table>\n<tbody>\n<tr>\n<td width=\"483\">\n<table style=\"height: 77px\" width=\"873\">\n<tbody>\n<tr>\n<td>Abonnez-vous aux tracts NEWSLETTER CGT SAE\u00a0: <a href=\"https:\/\/cgtsafran.com\/newsletter\/\">https:\/\/cgtsafran.com\/newsletter\/<\/a><\/td>\n<\/tr>\n<\/tbody>\n<\/table>\n<\/td>\n<\/tr>\n<\/tbody>\n<\/table>\n<p>&nbsp;<\/p>\n<p>Lire le CR DG-CGT du 25 f\u00e9vrier 2022 en pi\u00e8ce jointe.<\/p>\n","protected":false},"excerpt":{"rendered":"<p>Les comptes 2021 du Groupe Safran ont \u00e9t\u00e9 publi\u00e9s le 24 F\u00e9vrier 2022. La direction annonce pour 2021, une forte croissance de la marge op\u00e9rationnelle et du cash-flow. Nous vous pr\u00e9sentons quelques chiffres rep\u00e8res\u00a0: &#8211; Chiffre d\u2019affaires 15\u00a0257 M\u20ac (-8%) &#8211; R\u00e9sultat op\u00e9rationnel courant 1\u00a0807 M\u20ac (+7%) &#8211; R\u00e9sultat net -10% (d\u00fb en grande partie [&hellip;]<\/p>\n","protected":false},"author":17,"featured_media":1263,"comment_status":"open","ping_status":"closed","sticky":false,"template":"","format":"standard","meta":{"_acf_changed":false,"wds_primary_category":0,"wds_primary_featuring":0,"wds_primary_perimetre":0,"wds_primary_themes":0,"wds_primary_documents":0,"wds_primary_geographie":0,"wds_primary_secteur":0,"footnotes":""},"categories":[1],"tags":[],"class_list":["post-1259","post","type-post","status-publish","format-standard","has-post-thumbnail","hentry","category-actus","perimetre-1-oe-c","perimetre-2-tam-b","perimetre-3-ic-a","themes-greve","themes-salaires","documents-tracts","secteur-villaroche"],"acf":[],"_links":{"self":[{"href":"https:\/\/cgtsafran.com\/sae\/wp-json\/wp\/v2\/posts\/1259","targetHints":{"allow":["GET"]}}],"collection":[{"href":"https:\/\/cgtsafran.com\/sae\/wp-json\/wp\/v2\/posts"}],"about":[{"href":"https:\/\/cgtsafran.com\/sae\/wp-json\/wp\/v2\/types\/post"}],"author":[{"embeddable":true,"href":"https:\/\/cgtsafran.com\/sae\/wp-json\/wp\/v2\/users\/17"}],"replies":[{"embeddable":true,"href":"https:\/\/cgtsafran.com\/sae\/wp-json\/wp\/v2\/comments?post=1259"}],"version-history":[{"count":2,"href":"https:\/\/cgtsafran.com\/sae\/wp-json\/wp\/v2\/posts\/1259\/revisions"}],"predecessor-version":[{"id":1264,"href":"https:\/\/cgtsafran.com\/sae\/wp-json\/wp\/v2\/posts\/1259\/revisions\/1264"}],"wp:featuredmedia":[{"embeddable":true,"href":"https:\/\/cgtsafran.com\/sae\/wp-json\/wp\/v2\/media\/1263"}],"wp:attachment":[{"href":"https:\/\/cgtsafran.com\/sae\/wp-json\/wp\/v2\/media?parent=1259"}],"wp:term":[{"taxonomy":"category","embeddable":true,"href":"https:\/\/cgtsafran.com\/sae\/wp-json\/wp\/v2\/categories?post=1259"},{"taxonomy":"post_tag","embeddable":true,"href":"https:\/\/cgtsafran.com\/sae\/wp-json\/wp\/v2\/tags?post=1259"}],"curies":[{"name":"wp","href":"https:\/\/api.w.org\/{rel}","templated":true}]}}