{"id":6196,"date":"2026-09-01T14:19:49","date_gmt":"2026-09-01T12:19:49","guid":{"rendered":"https:\/\/cgtsafran.com\/groupe\/?p=6196"},"modified":"2026-09-01T14:19:49","modified_gmt":"2026-09-01T12:19:49","slug":"sommet-des-travailleurs-du-spatial","status":"publish","type":"post","link":"https:\/\/cgtsafran.com\/groupe\/sommet-des-travailleurs-du-spatial\/","title":{"rendered":"SOMMET DES TRAVAILLEURS DU SPATIAL"},"content":{"rendered":"<p><a href=\"https:\/\/ftm-cgt.fr\/wp-content\/uploads\/2026\/08\/2026_afficheSommet_Spatial-CGT.pdf\"><img loading=\"lazy\" decoding=\"async\" class=\"alignright wp-image-6216 size-medium\" src=\"https:\/\/cgtsafran.com\/groupe\/wp-content\/uploads\/sites\/3\/2026\/09\/2026_afficheSommet_Spatial-CGT-212x300.jpg\" alt=\"\" width=\"212\" height=\"300\" srcset=\"https:\/\/cgtsafran.com\/groupe\/wp-content\/uploads\/sites\/3\/2026\/09\/2026_afficheSommet_Spatial-CGT-212x300.jpg 212w, https:\/\/cgtsafran.com\/groupe\/wp-content\/uploads\/sites\/3\/2026\/09\/2026_afficheSommet_Spatial-CGT.jpg 595w\" sizes=\"auto, (max-width: 212px) 100vw, 212px\" \/><\/a>A la veille du sommet international du spatial organis\u00e9 au Grand Palais, la CGT a d\u00e9cid\u00e9 d\u2019organiser un sommet dans lequel seront abord\u00e9es les questions issues des travailleurs du spatial.<\/p>\n<p><strong>Les 8 et 9 septembre 2026 \u00e0 la Bourse du Travail, Salle Henaff, 85 rue Charlot, 75003 Paris.<\/strong><\/p>\n<p>Les syndicalistes du secteur ont travaill\u00e9 \u00e0 l\u2019\u00e9laboration des tables rondes afin de r\u00e9pondre au plus juste \u00e0 ces questions avant la r\u00e9union des d\u00e9cideurs des grandes entreprises le lendemain.<\/p>\n<ul>\n<li><strong>Profitabilit\u00e9 au d\u00e9triment de la souverainet\u00e9, comp\u00e9titivit\u00e9 par la baisse des budgets de la recherche ou encore int\u00e9r\u00eats priv\u00e9s sup\u00e9rieurs aux int\u00e9r\u00eats collectifs : les \u00e9volutions de la fili\u00e8re imposent des r\u00e9flexions de fond sur son avenir.<\/strong><\/li>\n<li><strong>Privatisation\/financiarisation du spatial et l\u2019exemple des lanceurs.<\/strong><\/li>\n<li><strong>Le projet Bromo, les dangers d\u2019une fusion Thales\/Airbus\/Leonardo.<\/strong><\/li>\n<li><strong>Militarisation de l\u2019espace.<\/strong><\/li>\n<li><strong>Une pr\u00e9sence humaine dans l\u2019espace est-elle n\u00e9cessaire\u00a0?<\/strong><\/li>\n<\/ul>\n<p>L\u2019astronaute Phillippe <strong>Perrin<\/strong>, mais \u00e9galement Denis <strong>Durand<\/strong>, directeur adjoint de la banque de France de 2010 \u00e0 2015 interviendront lors de ces d\u00e9bats.<\/p>\n<p>Les d\u00e9put\u00e9s Christine <strong>Arrighi<\/strong> (les \u00e9cologistes), Arnaud <strong>Saint-Martin<\/strong> (LFI) et Arnaud <strong>Simion<\/strong> (PS) participeront \u00e0 ces \u00e9changes.<\/p>\n<p>Sophie Binet, Secr\u00e9taire G\u00e9n\u00e9rale de la CGT interviendra pour conclure la premi\u00e8re journ\u00e9e d\u2019\u00e9changes et une conf\u00e9rence de Presse aura lieu \u00e0 la suite.<\/p>\n<div class=\"wp-block-buttons is-content-justification-center\">\n<div class=\"wp-block-button\"><a class=\"wp-block-button__link wp-element-button\" href=\"https:\/\/docs.google.com\/forms\/d\/1PvQKc7vxhU-PTwHmb916biO70ClaESGk_Bl9Ive8xAk\/viewform?edit_requested=true\" target=\"_blank\" rel=\"noopener\"><br \/>\n<span class=\"has-white-color has-text-color\">\u270e<\/span><br \/>\nJe m&rsquo;inscris<br \/>\n<\/a><\/div>\n<div class=\"wp-block-button\"><a class=\"wp-block-button__link wp-element-button\" href=\"https:\/\/ftm-cgt.fr\/wp-content\/uploads\/2026\/08\/Deroulement-sommet-spatialV4.pdf\" target=\"_blank\" rel=\"noopener\"><br \/>\n<span class=\"has-white-color has-text-color\">\u25f7<\/span><br \/>\nD\u00e9roulement du sommet<br \/>\n<\/a><\/div>\n<div class=\"wp-block-button\"><a class=\"wp-block-button__link wp-element-button\" href=\"https:\/\/ftm-cgt.fr\/wp-content\/uploads\/2026\/08\/Sommet-des-Travailleurs-du-Spatial_Intervenants_Personnalites_V2.pdf\" target=\"_blank\" rel=\"noopener\"><br \/>\n<span class=\"has-white-color has-text-color\">\u2659\u2659\u2659<\/span><br \/>\nLes personnalit\u00e9s intervenantes<br \/>\n<\/a><\/div>\n<div><\/div>\n<\/div>\n<h4><strong>fin des inscriptions le 4 septembre 2026<\/strong><\/h4>\n<p>&nbsp;<\/p>\n","protected":false},"excerpt":{"rendered":"<p>A la veille du sommet international du spatial organis\u00e9 au Grand Palais, la CGT a d\u00e9cid\u00e9 d\u2019organiser un sommet dans lequel seront abord\u00e9es les questions issues des travailleurs du spatial. Les 8 et 9 septembre 2026 \u00e0 la Bourse du Travail, Salle Henaff, 85 rue Charlot, 75003 Paris. Les syndicalistes du secteur ont travaill\u00e9 \u00e0 [&hellip;]<\/p>\n","protected":false},"author":2,"featured_media":6220,"comment_status":"open","ping_status":"closed","sticky":false,"template":"","format":"standard","meta":{"_acf_changed":false,"footnotes":""},"categories":[1,183,184],"tags":[],"applications":[],"class_list":["post-6196","post","type-post","status-publish","format-standard","has-post-thumbnail","hentry","category-actus","category-confederation-cgt","category-federation-metallurgie","featuring-alaune","themes-emploi","themes-environnement","themes-finance","themes-industrie","themes-organisation-du-travail","themes-partage-des-richesses","documents-articles","documents-evenements"],"acf":[],"_links":{"self":[{"href":"https:\/\/cgtsafran.com\/groupe\/wp-json\/wp\/v2\/posts\/6196","targetHints":{"allow":["GET"]}}],"collection":[{"href":"https:\/\/cgtsafran.com\/groupe\/wp-json\/wp\/v2\/posts"}],"about":[{"href":"https:\/\/cgtsafran.com\/groupe\/wp-json\/wp\/v2\/types\/post"}],"author":[{"embeddable":true,"href":"https:\/\/cgtsafran.com\/groupe\/wp-json\/wp\/v2\/users\/2"}],"replies":[{"embeddable":true,"href":"https:\/\/cgtsafran.com\/groupe\/wp-json\/wp\/v2\/comments?post=6196"}],"version-history":[{"count":0,"href":"https:\/\/cgtsafran.com\/groupe\/wp-json\/wp\/v2\/posts\/6196\/revisions"}],"wp:featuredmedia":[{"embeddable":true,"href":"https:\/\/cgtsafran.com\/groupe\/wp-json\/wp\/v2\/media\/6220"}],"wp:attachment":[{"href":"https:\/\/cgtsafran.com\/groupe\/wp-json\/wp\/v2\/media?parent=6196"}],"wp:term":[{"taxonomy":"category","embeddable":true,"href":"https:\/\/cgtsafran.com\/groupe\/wp-json\/wp\/v2\/categories?post=6196"},{"taxonomy":"post_tag","embeddable":true,"href":"https:\/\/cgtsafran.com\/groupe\/wp-json\/wp\/v2\/tags?post=6196"},{"taxonomy":"applications","embeddable":true,"href":"https:\/\/cgtsafran.com\/groupe\/wp-json\/wp\/v2\/applications?post=6196"}],"curies":[{"name":"wp","href":"https:\/\/api.w.org\/{rel}","templated":true}]}}