{"id":6031,"date":"2025-11-14T11:50:01","date_gmt":"2025-11-14T10:50:01","guid":{"rendered":"https:\/\/cgtsafran.com\/groupe\/?p=6031"},"modified":"2026-04-03T12:18:35","modified_gmt":"2026-04-03T10:18:35","slug":"priorite-au-salaire","status":"publish","type":"post","link":"https:\/\/cgtsafran.com\/groupe\/priorite-au-salaire\/","title":{"rendered":"PRIORIT\u00c9 AU SALAIRE !"},"content":{"rendered":"<p style=\"text-align: center;\"><a href=\"https:\/\/cgtsafran.com\/groupe\/wp-content\/uploads\/sites\/3\/2025\/11\/27novembreV04.pdf\">&#8211; version PDF &#8211;<\/a><\/p>\n<h4 class=\"p1\"><b>Pour que notre valeur se refl\u00e8te sur notre fiche de paye<\/b><\/h4>\n<h4 class=\"p2\"><b>MOBILISONS NOUS !<\/b><\/h4>\n<h5 class=\"p1\"><b>La valeur du groupe, c\u2019est ses salari\u00e9s !<\/b><\/h5>\n<p class=\"p2\">En guise de partage de la valeur, ou plut\u00f4t de la richesse cr\u00e9\u00e9e exclusivement par les travailleurs, <b>la CGT revendique depuis plusieurs semaines une <\/b><b>augmentation imm\u00e9diate g\u00e9n\u00e9ralis\u00e9e et uniforme des salaires \u00e0 hauteur de <\/b><b>100 euros\/mois (bruts) <\/b>exclue du cadre des NAO 2026.<\/p>\n<p class=\"p2\">C\u2019est bien le salaire et les cotisations qui y sont associ\u00e9es qui permettent \u00e0 la fois \u00e0 chaque salari\u00e9 de vivre mieux dans la dur\u00e9e et \u00e0 l\u2019ensemble de la population de pr\u00e9server un syst\u00e8me social n\u00e9cessaire.<\/p>\n<p class=\"p2\">C\u2019est dans cet esprit d\u2019ailleurs que la CGT a exprim\u00e9 sa volont\u00e9 d\u2019<b>avancer les <\/b><b>NAO 2026 avant la fin de l\u2019ann\u00e9e 2025<\/b> et la direction a acc\u00e9d\u00e9 \u00e0 cette demande en convoquant les coordinateurs syndicaux d\u00e8s le 6 novembre pour faire le bilan de cette ann\u00e9e et discuter des perspectives 2026.<\/p>\n<p class=\"p2\">La direction groupe dit r\u00e9pondre aux demandes des organisations syndicales en ouvrant <b>une n\u00e9gociation \u00abPrime de Partage de la Valeur\u00bb dans un contexte <\/b><b>o\u00f9 le groupe Safran se porte tr\u00e8s bien<\/b>. La direction confirme qu\u2019il y a un lien entre cette prime et la politique des r\u00e9mun\u00e9rations, donc des salaires. Nous allons bien s\u00fbr n\u00e9gocier la PPV avant le d\u00e9but des NAO dans les soci\u00e9t\u00e9s mais nous continuerons \u00e0 d\u00e9fendre l\u2019am\u00e9lioration des salaires sans concession.<\/p>\n<h5 class=\"p1\"><b>Pourquoi la CGT pr\u00e9f\u00e8re le salaire?<\/b><\/h5>\n<p class=\"p2\">Pour expliquer la diff\u00e9rence d\u2019effet entre le versement d\u2019une prime et l\u2019augmentation du salaire, rien de mieux que quelques exemples :<\/p>\n<p class=\"p2\"><b>Pour une augmentation de 10\u20ac\/mois bruts<\/b> \u00e0 un salari\u00e9 de 40 ans l\u2019augmentation repr\u00e9sentera 2880\u20ac* sur le reste de sa carri\u00e8re. <b>Le cumul per\u00e7u entre sa carri\u00e8re <\/b><b>et sa retraite sera de 4194\u20ac<\/b>** (3413\u20ac net***)<b>.<\/b><\/p>\n<p class=\"p1\"><b>Ce que repr\u00e9sente une augmentation au global <\/b><b>(en fonction du montant de l\u2019augmentation) :<\/b><\/p>\n<p><img loading=\"lazy\" decoding=\"async\" class=\"alignleft wp-image-6032\" src=\"https:\/\/cgtsafran.com\/groupe\/wp-content\/uploads\/sites\/3\/2025\/11\/consequencesAugmentations-300x222.jpg\" alt=\"\" width=\"400\" height=\"296\" srcset=\"https:\/\/cgtsafran.com\/groupe\/wp-content\/uploads\/sites\/3\/2025\/11\/consequencesAugmentations-300x222.jpg 300w, https:\/\/cgtsafran.com\/groupe\/wp-content\/uploads\/sites\/3\/2025\/11\/consequencesAugmentations-1024x757.jpg 1024w, https:\/\/cgtsafran.com\/groupe\/wp-content\/uploads\/sites\/3\/2025\/11\/consequencesAugmentations-768x568.jpg 768w, https:\/\/cgtsafran.com\/groupe\/wp-content\/uploads\/sites\/3\/2025\/11\/consequencesAugmentations.jpg 1247w\" sizes=\"auto, (max-width: 400px) 100vw, 400px\" \/><\/p>\n<p class=\"p1\" style=\"text-align: right;\"><b>Une augmentation de<\/b><\/p>\n<p class=\"p1\" style=\"text-align: right;\"><b>30 \u20ac chaque ann\u00e9e :<\/b><\/p>\n<p><img loading=\"lazy\" decoding=\"async\" class=\"size-thumbnail wp-image-6033 alignright\" src=\"https:\/\/cgtsafran.com\/groupe\/wp-content\/uploads\/sites\/3\/2025\/11\/CumulAugmentations-150x150.jpg\" alt=\"\" width=\"150\" height=\"150\" \/><\/p>\n<p>&nbsp;<\/p>\n<p>&nbsp;<\/p>\n<p>&nbsp;<\/p>\n<p>&nbsp;<\/p>\n<p>&nbsp;<\/p>\n<p class=\"p1\" style=\"text-align: right;\">Chacune des valeurs se<\/p>\n<p class=\"p1\" style=\"text-align: right;\">cumulant, 10 ans d\u2019AG<\/p>\n<p class=\"p1\" style=\"text-align: right;\">\u00e0 30 \u20ac repr\u00e9sentent :<\/p>\n<p class=\"p2\" style=\"text-align: right;\"><b>109 620 \u20ac<\/b><\/p>\n<p class=\"p1\"><b>Alors,<\/b><\/p>\n<p class=\"p1\"><b>pour que le partage de la valeur se fasse par le salaire,<\/b><\/p>\n<p class=\"p1\"><b>pour que chacun voit son salaire augmenter de 100 euros\/mois d\u00e8s <\/b><b>maintenant,<\/b><\/p>\n<p class=\"p1\"><b>pour que le niveau des augmentations 2026 soit \u00e0 la hauteur de <\/b><b>l\u2019engagement des salari\u00e9s,<\/b><\/p>\n<h4 class=\"p1\" style=\"text-align: center;\"><b>Mobilisons nous dans tout les sites du groupe<\/b><\/h4>\n<h3 class=\"p2\" style=\"text-align: center;\"><b>JEUDI 27 NOVEMBRE 2025<\/b><\/h3>\n<h6 class=\"p1\" style=\"text-align: right;\">* bas\u00e9 sur l\u2019\u00e2ge l\u00e9gal de d\u00e9part \u00e0 la retraite en nov 2025 &#8211; 64 ans (soit 10\u20ac x 12 mois x 24 ans) ; ** bas\u00e9 sur l\u2019esp\u00e9rance de vie moyenne en 2025 (82,25 ann\u00e9es) et une conversion retraite pension de 60% ; *** en appliquant 23% de cotisations pendant le travail puis 9% \u00e0 la retraite<\/h6>\n<p style=\"text-align: center;\"><a href=\"https:\/\/cgtsafran.com\/groupe\/wp-content\/uploads\/sites\/3\/2025\/11\/27novembreV04.pdf\">\u00a0&#8211; version PDF &#8211;<\/a><\/p>\n","protected":false},"excerpt":{"rendered":"<p>&#8211; version PDF &#8211; Pour que notre valeur se refl\u00e8te sur notre fiche de paye MOBILISONS NOUS ! La valeur du groupe, c\u2019est ses salari\u00e9s ! En guise de partage de la valeur, ou plut\u00f4t de la richesse cr\u00e9\u00e9e exclusivement par les travailleurs, la CGT revendique depuis plusieurs semaines une augmentation imm\u00e9diate g\u00e9n\u00e9ralis\u00e9e et uniforme [&hellip;]<\/p>\n","protected":false},"author":2,"featured_media":5110,"comment_status":"open","ping_status":"closed","sticky":false,"template":"","format":"standard","meta":{"_acf_changed":false,"wds_primary_category":0,"wds_primary_featuring":0,"wds_primary_perimetre":0,"wds_primary_themes":0,"wds_primary_documents":0,"wds_primary_geographie":0,"wds_primary_secteur":0,"wds_primary_applications":0,"footnotes":""},"categories":[1,172],"tags":[],"applications":[],"class_list":["post-6031","post","type-post","status-publish","format-standard","has-post-thumbnail","hentry","category-actus","category-safran","featuring-alaune","themes-nao-noe","themes-partage-des-richesses","documents-articles","documents-tracts"],"acf":[],"_links":{"self":[{"href":"https:\/\/cgtsafran.com\/groupe\/wp-json\/wp\/v2\/posts\/6031","targetHints":{"allow":["GET"]}}],"collection":[{"href":"https:\/\/cgtsafran.com\/groupe\/wp-json\/wp\/v2\/posts"}],"about":[{"href":"https:\/\/cgtsafran.com\/groupe\/wp-json\/wp\/v2\/types\/post"}],"author":[{"embeddable":true,"href":"https:\/\/cgtsafran.com\/groupe\/wp-json\/wp\/v2\/users\/2"}],"replies":[{"embeddable":true,"href":"https:\/\/cgtsafran.com\/groupe\/wp-json\/wp\/v2\/comments?post=6031"}],"version-history":[{"count":2,"href":"https:\/\/cgtsafran.com\/groupe\/wp-json\/wp\/v2\/posts\/6031\/revisions"}],"predecessor-version":[{"id":6124,"href":"https:\/\/cgtsafran.com\/groupe\/wp-json\/wp\/v2\/posts\/6031\/revisions\/6124"}],"wp:featuredmedia":[{"embeddable":true,"href":"https:\/\/cgtsafran.com\/groupe\/wp-json\/wp\/v2\/media\/5110"}],"wp:attachment":[{"href":"https:\/\/cgtsafran.com\/groupe\/wp-json\/wp\/v2\/media?parent=6031"}],"wp:term":[{"taxonomy":"category","embeddable":true,"href":"https:\/\/cgtsafran.com\/groupe\/wp-json\/wp\/v2\/categories?post=6031"},{"taxonomy":"post_tag","embeddable":true,"href":"https:\/\/cgtsafran.com\/groupe\/wp-json\/wp\/v2\/tags?post=6031"},{"taxonomy":"applications","embeddable":true,"href":"https:\/\/cgtsafran.com\/groupe\/wp-json\/wp\/v2\/applications?post=6031"}],"curies":[{"name":"wp","href":"https:\/\/api.w.org\/{rel}","templated":true}]}}