{"id":5235,"date":"2022-03-29T12:50:39","date_gmt":"2022-03-29T10:50:39","guid":{"rendered":"https:\/\/cgtsafran.com\/groupe\/?p=5235"},"modified":"2022-09-23T10:19:20","modified_gmt":"2022-09-23T08:19:20","slug":"nao-demande-de-reouverture-des-negos","status":"publish","type":"post","link":"https:\/\/cgtsafran.com\/groupe\/nao-demande-de-reouverture-des-negos\/","title":{"rendered":"NAO: Demande de r\u00e9ouverture des N\u00e9gos"},"content":{"rendered":"<p>La CGT a envoy\u00e9, le 29 mars 2022, un courrier \u00e0 l&rsquo;attention de St\u00e9phane Dubois, Directeur des Responsabilit\u00e9s Humaines et Soci\u00e9tales de Safran ainsi qu&rsquo;\u00e0 Vincent Mackie, Directeur des Affaires Sociales.<\/p>\n<p>Cette lettre a pour objet la demande de r\u00e9ouverture des n\u00e9gociations portant sur la politique salariales du groupe.<\/p>\n<p>Voici le contenu de ce courrier:<\/p>\n<p>&nbsp;<\/p>\n<hr \/>\n<p><img loading=\"lazy\" decoding=\"async\" class=\"alignleft wp-image-5237 size-full\" src=\"https:\/\/cgtsafran.com\/groupe\/wp-content\/uploads\/sites\/3\/2022\/03\/CGTSAFRANrouge22000px-e1648549153460.png\" alt=\"\" width=\"300\" height=\"54\" \/><\/p>\n<p>&nbsp;<\/p>\n<p>&nbsp;<\/p>\n<p style=\"text-align: left;\"><strong>Coordination<span class=\"Apple-converted-space\">\u00a0 <\/span>Syndicale CGT SAFRAN<\/strong><\/p>\n<p style=\"text-align: right;\"><b>\u00c0 St\u00e9phane Dubois,<\/b><\/p>\n<p style=\"text-align: right;\">Directeur des Responsabilit\u00e9s Humaines et Soci\u00e9tales,<\/p>\n<p style=\"text-align: right;\"><b>\u00c0 Vincent Mackie,<\/b><\/p>\n<p style=\"text-align: right;\">Directeur des Affaires Sociales<\/p>\n<p>&nbsp;<\/p>\n<p style=\"text-align: center;\"><b>Objet: Demande de r\u00e9union sur la politique salariale 2022 du groupe SAFRAN<\/b><\/p>\n<p>&nbsp;<\/p>\n<p>Messieurs,<\/p>\n<p>Vous nous convoquez le 9 Mai prochain pour une r\u00e9union sur le \u00ab suivi de l\u2019accord sorti de crise \u00bb.<\/p>\n<p>Nous ne sommes pas signataires de cet accord. L\u2019article 9.3 pr\u00e9cise : \u00ab Les parties signataires conviennent de se r\u00e9unir en d\u00e9but d\u2019ann\u00e9e 2022 afin de faire le bilan sur les n\u00e9gociations annuelles d\u2019entreprises tenues en 2022. \u00bb<\/p>\n<p>Pour notre organisation le d\u00e9but d\u2019ann\u00e9e montre une flamb\u00e9e de l\u2019inflation, et l\u2019application de l\u2019accord sortie de crise a rendu plus qu\u2019insuffisantes les mesures propos\u00e9es. Dans aucune des soci\u00e9t\u00e9s du groupe le budget cadr\u00e9 n\u2019a pu compenser l\u2019inflation, rendant nulle toute \u00e9volution de carri\u00e8re pour les salari\u00e9s.<\/p>\n<p>Avec l\u2019effort consenti sur le pouvoir d\u2019achat en 2021 au titre de l\u2019accord ATA et la suppression de versement d\u2019int\u00e9ressement en 2022, la perte est d\u00e9j\u00e0 cons\u00e9quente. Les politiques salariales cadr\u00e9es par l\u2019accord groupe aggravent la situation.<\/p>\n<p>Le m\u00e9contentement des salari\u00e9s est exprim\u00e9 dans plusieurs soci\u00e9t\u00e9s dans un contexte international ne laissant pas entrevoir d\u2019am\u00e9lioration sur les prix cette ann\u00e9e.<\/p>\n<p>L\u2019accord sortie de crise a montr\u00e9 ses limites et notre organisation les avait identifi\u00e9es conduisant au refus de la signature. La commission de suivi de l\u2019accord (art9.3), r\u00e9serv\u00e9e aux seuls signataires, ne saurait en aucun cas se substituer \u00e0 de nouvelles n\u00e9gociations pour palier la situation.<\/p>\n<p>Le groupe Safran doit envoyer un signe fort aux salari\u00e9s qui ont su prendre leurs responsabilit\u00e9s en 2020 et 2021 et qui seront les acteurs des d\u00e9fis \u00e0 venir.<\/p>\n<p>Notre organisation vous demande en cons\u00e9quence de r\u00e9unir sans d\u00e9lai les 4 organisations syndicales repr\u00e9sentatives groupe afin de mettre en place les mesures n\u00e9cessaires concernant les politiques salariales des soci\u00e9t\u00e9s.<\/p>\n<p>&nbsp;<\/p>\n<p style=\"text-align: right;\"><b><i>Les coordinateurs CGT SAFRAN<\/i><\/b><\/p>\n<p style=\"text-align: right;\"><i>G\u00e9rard Montuelle<\/i><\/p>\n<p style=\"text-align: right;\"><i>Dondu Kaya<\/i><\/p>\n<p style=\"text-align: right;\"><i>Fabien Maru\u00e9jouls-Benoit<\/i><\/p>\n<p style=\"text-align: right;\"><i>Jean-Fran\u00e7ois Bequet<\/i><\/p>\n","protected":false},"excerpt":{"rendered":"<p>La CGT a envoy\u00e9, le 29 mars 2022, un courrier \u00e0 l&rsquo;attention de St\u00e9phane Dubois, Directeur des Responsabilit\u00e9s Humaines et Soci\u00e9tales de Safran ainsi qu&rsquo;\u00e0 Vincent Mackie, Directeur des Affaires Sociales. Cette lettre a pour objet la demande de r\u00e9ouverture des n\u00e9gociations portant sur la politique salariales du groupe. Voici le contenu de ce courrier: [&hellip;]<\/p>\n","protected":false},"author":2,"featured_media":5239,"comment_status":"open","ping_status":"closed","sticky":false,"template":"","format":"standard","meta":{"_acf_changed":false,"wds_primary_category":0,"wds_primary_featuring":0,"wds_primary_perimetre":0,"wds_primary_themes":0,"wds_primary_documents":0,"wds_primary_geographie":0,"wds_primary_secteur":0,"wds_primary_applications":0,"footnotes":""},"categories":[172],"tags":[],"applications":[],"class_list":["post-5235","post","type-post","status-publish","format-standard","has-post-thumbnail","hentry","category-safran","featuring-lestitres","themes-nao-noe","documents-articles"],"acf":[],"_links":{"self":[{"href":"https:\/\/cgtsafran.com\/groupe\/wp-json\/wp\/v2\/posts\/5235","targetHints":{"allow":["GET"]}}],"collection":[{"href":"https:\/\/cgtsafran.com\/groupe\/wp-json\/wp\/v2\/posts"}],"about":[{"href":"https:\/\/cgtsafran.com\/groupe\/wp-json\/wp\/v2\/types\/post"}],"author":[{"embeddable":true,"href":"https:\/\/cgtsafran.com\/groupe\/wp-json\/wp\/v2\/users\/2"}],"replies":[{"embeddable":true,"href":"https:\/\/cgtsafran.com\/groupe\/wp-json\/wp\/v2\/comments?post=5235"}],"version-history":[{"count":2,"href":"https:\/\/cgtsafran.com\/groupe\/wp-json\/wp\/v2\/posts\/5235\/revisions"}],"predecessor-version":[{"id":5243,"href":"https:\/\/cgtsafran.com\/groupe\/wp-json\/wp\/v2\/posts\/5235\/revisions\/5243"}],"wp:featuredmedia":[{"embeddable":true,"href":"https:\/\/cgtsafran.com\/groupe\/wp-json\/wp\/v2\/media\/5239"}],"wp:attachment":[{"href":"https:\/\/cgtsafran.com\/groupe\/wp-json\/wp\/v2\/media?parent=5235"}],"wp:term":[{"taxonomy":"category","embeddable":true,"href":"https:\/\/cgtsafran.com\/groupe\/wp-json\/wp\/v2\/categories?post=5235"},{"taxonomy":"post_tag","embeddable":true,"href":"https:\/\/cgtsafran.com\/groupe\/wp-json\/wp\/v2\/tags?post=5235"},{"taxonomy":"applications","embeddable":true,"href":"https:\/\/cgtsafran.com\/groupe\/wp-json\/wp\/v2\/applications?post=5235"}],"curies":[{"name":"wp","href":"https:\/\/api.w.org\/{rel}","templated":true}]}}