{"id":4911,"date":"2020-10-13T12:53:07","date_gmt":"2020-10-13T10:53:07","guid":{"rendered":"https:\/\/cgtsafran.com\/groupe\/?p=4911"},"modified":"2020-11-05T09:32:42","modified_gmt":"2020-11-05T08:32:42","slug":"13e-congres-de-lufict-cgt-metallurgie","status":"publish","type":"post","link":"https:\/\/cgtsafran.com\/groupe\/13e-congres-de-lufict-cgt-metallurgie\/","title":{"rendered":"13\u00e8 congr\u00e8s de l\u2019UFICT CGT m\u00e9tallurgie"},"content":{"rendered":"<h3>Le 13 \u00e8me congr\u00e8s de l\u2019UFICT CGT m\u00e9tallurgie a d\u00e9marr\u00e9 ce mardi 13 octobre.<\/h3>\n<p>C\u2019est sur le village vacance \u00ab\u00a0la grande baie\u00a0\u00bb, propri\u00e9t\u00e9 de 50 CSE, issu du tourisme social, que se tiendront les 2 jours et demi de d\u00e9bats et de propositions de pistes de r\u00e9flexion ayant pour but de faire converger notre CGT aux besoins des Ing\u00e9nieurs, Cadre et Techniciens (ICT).<\/p>\n<h4><strong><em>Bon \u00e0 savoir:<\/em><\/strong><\/h4>\n<ul>\n<li>52% du corps \u00e9lectoral de la m\u00e9tallurgie est dans le 2\u00e8me et 3\u00e8me coll\u00e8ge<\/li>\n<li>La CGT repr\u00e9sente 7% des r\u00e9sultats \u00e9lectoraux au 3\u00e8me coll\u00e8ge sur la p\u00e9riode 2016\/2019<\/li>\n<li>La CGT est la 5\u00e8me Organisation Syndicale sur ce coll\u00e8ge<\/li>\n<\/ul>\n<h5>Le groupe Safran y est largement repr\u00e9sent\u00e9 gr\u00e2ce \u00e0 la pr\u00e9sence de plusieurs \u00e9lus de diff\u00e9rentes soci\u00e9t\u00e9s du groupe. Notre administrateur salari\u00e9 CGT assiste \u00e9galement \u00e0 ce rassemblement.<\/h5>\n","protected":false},"excerpt":{"rendered":"<p>Le 13 \u00e8me congr\u00e8s de l\u2019UFICT CGT m\u00e9tallurgie a d\u00e9marr\u00e9 ce mardi 13 octobre. C\u2019est sur le village vacance \u00ab\u00a0la grande baie\u00a0\u00bb, propri\u00e9t\u00e9 de 50 CSE, issu du tourisme social, que se tiendront les 2 jours et demi de d\u00e9bats et de propositions de pistes de r\u00e9flexion ayant pour but de faire converger notre CGT [&hellip;]<\/p>\n","protected":false},"author":2,"featured_media":4912,"comment_status":"open","ping_status":"closed","sticky":false,"template":"","format":"standard","meta":{"_acf_changed":false,"wds_primary_category":0,"wds_primary_featuring":0,"wds_primary_perimetre":0,"wds_primary_themes":0,"wds_primary_documents":0,"wds_primary_geographie":0,"wds_primary_secteur":0,"wds_primary_applications":0,"footnotes":""},"categories":[1,184,182],"tags":[],"applications":[],"class_list":["post-4911","post","type-post","status-publish","format-standard","has-post-thumbnail","hentry","category-actus","category-federation-metallurgie","category-ugict-cgt","featuring-lestitres","themes-congres","documents-articles"],"acf":[],"_links":{"self":[{"href":"https:\/\/cgtsafran.com\/groupe\/wp-json\/wp\/v2\/posts\/4911","targetHints":{"allow":["GET"]}}],"collection":[{"href":"https:\/\/cgtsafran.com\/groupe\/wp-json\/wp\/v2\/posts"}],"about":[{"href":"https:\/\/cgtsafran.com\/groupe\/wp-json\/wp\/v2\/types\/post"}],"author":[{"embeddable":true,"href":"https:\/\/cgtsafran.com\/groupe\/wp-json\/wp\/v2\/users\/2"}],"replies":[{"embeddable":true,"href":"https:\/\/cgtsafran.com\/groupe\/wp-json\/wp\/v2\/comments?post=4911"}],"version-history":[{"count":1,"href":"https:\/\/cgtsafran.com\/groupe\/wp-json\/wp\/v2\/posts\/4911\/revisions"}],"predecessor-version":[{"id":4913,"href":"https:\/\/cgtsafran.com\/groupe\/wp-json\/wp\/v2\/posts\/4911\/revisions\/4913"}],"wp:featuredmedia":[{"embeddable":true,"href":"https:\/\/cgtsafran.com\/groupe\/wp-json\/wp\/v2\/media\/4912"}],"wp:attachment":[{"href":"https:\/\/cgtsafran.com\/groupe\/wp-json\/wp\/v2\/media?parent=4911"}],"wp:term":[{"taxonomy":"category","embeddable":true,"href":"https:\/\/cgtsafran.com\/groupe\/wp-json\/wp\/v2\/categories?post=4911"},{"taxonomy":"post_tag","embeddable":true,"href":"https:\/\/cgtsafran.com\/groupe\/wp-json\/wp\/v2\/tags?post=4911"},{"taxonomy":"applications","embeddable":true,"href":"https:\/\/cgtsafran.com\/groupe\/wp-json\/wp\/v2\/applications?post=4911"}],"curies":[{"name":"wp","href":"https:\/\/api.w.org\/{rel}","templated":true}]}}