{"id":4727,"date":"2020-06-30T14:41:56","date_gmt":"2020-06-30T12:41:56","guid":{"rendered":"https:\/\/cgtsafran.com\/groupe\/?p=4727"},"modified":"2020-09-08T09:16:16","modified_gmt":"2020-09-08T07:16:16","slug":"negociations-ata-compte-rendu-des-26-et-29-juin","status":"publish","type":"post","link":"https:\/\/cgtsafran.com\/groupe\/negociations-ata-compte-rendu-des-26-et-29-juin\/","title":{"rendered":"N\u00e9gociations ATA: Compte rendu des 26 et 29 juin"},"content":{"rendered":"<p><em>Deux r\u00e9unions ont eu lieu vendredi 26 et lundi 29 juin concernant l&rsquo;accord groupe ATA.<\/em><\/p>\n<p>Des \u00e9volutions ont \u00e9t\u00e9 apport\u00e9es par rapport aux derniers Compte Rendus.<\/p>\n<p>Les s\u00e9niors pouvant partir en retraite l&rsquo;ann\u00e9e prochaine et se d\u00e9clarant avant le 31 octobre auront <strong>5 mois de majoration de l&rsquo;indemnit\u00e9<\/strong> de d\u00e9part \u00e0 la retraite et\/ou une am\u00e9lioration des rachats de trimestres.<\/p>\n<p>Le plafonnement du budget global Participation + Int\u00e9ressement \u00e0 5% de la masse salariale pourrait \u00eatre revu afin de <strong>lib\u00e9rer un budget pour pour des augmentations.<\/strong><\/p>\n<h4>La CGT demande une mesure \u00a0d&rsquo;augmentation g\u00e9n\u00e9rale pour tous les salari\u00e9s, \u00a0r\u00e9ponse direction : ce n&rsquo;est pas \u00e0 l&rsquo;ordre du jour.<\/h4>\n<p>Un volant d&#8217;embauches d&rsquo;apprentis sur le groupe pourrait \u00eatre effectu\u00e9 entre 350 et 450 (au lieu d&rsquo;environ 700 aujourd&rsquo;hui)<\/p>\n<p>Concernant l&rsquo;int\u00e9gration dans l&rsquo;accord du nouveau dispostif Activit\u00e9 Partielle Longue Dur\u00e9e, \u00a0faut-il attendre la sortie des d\u00e9crets ?<\/p>\n<p>R\u00e9ponse Direction : pas obligatoirement, on pourra faire un avenant &#8230;.<\/p>\n<p>La direction affirme que cet accord ne peut pas engendrer de n\u00e9gociation sur des Accords de Performance Collective, la Cgt r\u00e9torque que c&rsquo;est ce qui se passe sur le site SLS Villeurbanne ! La Direction groupe se renseigne.<\/p>\n<p>Sur la mobilit\u00e9, la Cgt demande d&rsquo;assouplir son application en pr\u00e9cisant <strong>la notion de volontariat<\/strong>.<br \/>\nR\u00e9ponse Direction : cela sera inscrit dans le pr\u00e9ambule.<\/p>\n<p>Une demande est faite pour assouplir la clause de retour \u00e0 meilleure fortune, c&rsquo;est \u00e0 dire revenir sur des mesures <strong>moins contraignantes<\/strong> en cas de hausse d\u00a0\u00bbactivit\u00e9 et de reprise \u00e9conomique constat\u00e9e en 2021.<br \/>\nLa direction y r\u00e9fl\u00e9chit pour la prochaine r\u00e9union.<\/p>\n<p>Autre demande attendant r\u00e9ponse : garantir pour fin 2020 et 2021 le versement integral du 13\u00e8me mois qui est normalement impact\u00e9 par le ch\u00f4mage partiel.<br \/>\nAutre question : l&rsquo;indemnit\u00e9 de d\u00e9part en retraite est-elle \u00e9galement impact\u00e9e ?<\/p>\n<h5>Suite de cette n\u00e9gociation : mercredi 1er juin<\/h5>\n","protected":false},"excerpt":{"rendered":"<p>Deux r\u00e9unions ont eu lieu vendredi 26 et lundi 29 juin concernant l&rsquo;accord groupe ATA. Des \u00e9volutions ont \u00e9t\u00e9 apport\u00e9es par rapport aux derniers Compte Rendus. Les s\u00e9niors pouvant partir en retraite l&rsquo;ann\u00e9e prochaine et se d\u00e9clarant avant le 31 octobre auront 5 mois de majoration de l&rsquo;indemnit\u00e9 de d\u00e9part \u00e0 la retraite et\/ou une [&hellip;]<\/p>\n","protected":false},"author":2,"featured_media":4515,"comment_status":"open","ping_status":"closed","sticky":false,"template":"","format":"standard","meta":{"_acf_changed":false,"wds_primary_category":0,"wds_primary_featuring":0,"wds_primary_perimetre":0,"wds_primary_themes":0,"wds_primary_documents":0,"wds_primary_geographie":0,"wds_primary_secteur":0,"wds_primary_applications":0,"footnotes":""},"categories":[1,172],"tags":[],"applications":[],"class_list":["post-4727","post","type-post","status-publish","format-standard","has-post-thumbnail","hentry","category-actus","category-safran","featuring-lestitres","themes-information-du-personnel","documents-articles"],"acf":[],"_links":{"self":[{"href":"https:\/\/cgtsafran.com\/groupe\/wp-json\/wp\/v2\/posts\/4727","targetHints":{"allow":["GET"]}}],"collection":[{"href":"https:\/\/cgtsafran.com\/groupe\/wp-json\/wp\/v2\/posts"}],"about":[{"href":"https:\/\/cgtsafran.com\/groupe\/wp-json\/wp\/v2\/types\/post"}],"author":[{"embeddable":true,"href":"https:\/\/cgtsafran.com\/groupe\/wp-json\/wp\/v2\/users\/2"}],"replies":[{"embeddable":true,"href":"https:\/\/cgtsafran.com\/groupe\/wp-json\/wp\/v2\/comments?post=4727"}],"version-history":[{"count":1,"href":"https:\/\/cgtsafran.com\/groupe\/wp-json\/wp\/v2\/posts\/4727\/revisions"}],"predecessor-version":[{"id":4728,"href":"https:\/\/cgtsafran.com\/groupe\/wp-json\/wp\/v2\/posts\/4727\/revisions\/4728"}],"wp:featuredmedia":[{"embeddable":true,"href":"https:\/\/cgtsafran.com\/groupe\/wp-json\/wp\/v2\/media\/4515"}],"wp:attachment":[{"href":"https:\/\/cgtsafran.com\/groupe\/wp-json\/wp\/v2\/media?parent=4727"}],"wp:term":[{"taxonomy":"category","embeddable":true,"href":"https:\/\/cgtsafran.com\/groupe\/wp-json\/wp\/v2\/categories?post=4727"},{"taxonomy":"post_tag","embeddable":true,"href":"https:\/\/cgtsafran.com\/groupe\/wp-json\/wp\/v2\/tags?post=4727"},{"taxonomy":"applications","embeddable":true,"href":"https:\/\/cgtsafran.com\/groupe\/wp-json\/wp\/v2\/applications?post=4727"}],"curies":[{"name":"wp","href":"https:\/\/api.w.org\/{rel}","templated":true}]}}