{"id":4611,"date":"2020-04-10T11:10:05","date_gmt":"2020-04-10T09:10:05","guid":{"rendered":"https:\/\/cgtsafran.com\/groupe\/?p=4611"},"modified":"2020-04-19T10:57:40","modified_gmt":"2020-04-19T08:57:40","slug":"et-pendant-ce-temps","status":"publish","type":"post","link":"https:\/\/cgtsafran.com\/groupe\/et-pendant-ce-temps\/","title":{"rendered":"Et pendant ce temps&#8230;"},"content":{"rendered":"<p>Extrait de l&rsquo;article \u00ab\u00a0<a href=\"https:\/\/www.boursorama.com\/bourse\/actualites\/le-president-de-safran-a-achete-des-actions-pour-704-000-euros-d52e57bea6e3757b89842014e2babeb2\">Le pr\u00e9sident de Safran a achet\u00e9 des actions pour 704.000 euros<\/a>\u00a0\u00bb publi\u00e9 sur boursorama.<\/p>\n<p>\u00ab\u00a0Le pr\u00e9sident du conseil d&rsquo;administration de <strong>Safran<\/strong>, Ross McInnes, a achet\u00e9 le 27 mars dernier 6.500 actions au prix unitaire\u00a0de 87,03 euros et 2.000 titres le 2 avril \u00e0 69,19 euros pi\u00e8ce, selon les d\u00e9clarations faites \u00e0 l&rsquo;Autorit\u00e9 des march\u00e9s financiers. Soit un montant global de 704.075 euros.<\/p>\n<p>Au 31 d\u00e9cembre 2019, le pr\u00e9sident du conseil poss\u00e9dait 7.517 actions et le directeur g\u00e9n\u00e9ral, Philippe Petitcolin, \u00e9tait propri\u00e9taire de 42.268 titres.\u00a0\u00bb<\/p>\n<p>&nbsp;<\/p>\n<p>Fin de l&rsquo;article(que dire de plus)<\/p>\n","protected":false},"excerpt":{"rendered":"<p>Extrait de l&rsquo;article \u00ab\u00a0Le pr\u00e9sident de Safran a achet\u00e9 des actions pour 704.000 euros\u00a0\u00bb publi\u00e9 sur boursorama. \u00ab\u00a0Le pr\u00e9sident du conseil d&rsquo;administration de Safran, Ross McInnes, a achet\u00e9 le 27 mars dernier 6.500 actions au prix unitaire\u00a0de 87,03 euros et 2.000 titres le 2 avril \u00e0 69,19 euros pi\u00e8ce, selon les d\u00e9clarations faites \u00e0 l&rsquo;Autorit\u00e9 [&hellip;]<\/p>\n","protected":false},"author":2,"featured_media":4612,"comment_status":"open","ping_status":"closed","sticky":false,"template":"","format":"standard","meta":{"_acf_changed":false,"wds_primary_category":0,"wds_primary_featuring":0,"wds_primary_perimetre":0,"wds_primary_themes":0,"wds_primary_documents":0,"wds_primary_geographie":0,"wds_primary_secteur":0,"wds_primary_applications":0,"footnotes":""},"categories":[1,172],"tags":[],"applications":[],"class_list":["post-4611","post","type-post","status-publish","format-standard","has-post-thumbnail","hentry","category-actus","category-safran","featuring-lestitres","themes-partage-des-richesses","documents-articles"],"acf":[],"_links":{"self":[{"href":"https:\/\/cgtsafran.com\/groupe\/wp-json\/wp\/v2\/posts\/4611","targetHints":{"allow":["GET"]}}],"collection":[{"href":"https:\/\/cgtsafran.com\/groupe\/wp-json\/wp\/v2\/posts"}],"about":[{"href":"https:\/\/cgtsafran.com\/groupe\/wp-json\/wp\/v2\/types\/post"}],"author":[{"embeddable":true,"href":"https:\/\/cgtsafran.com\/groupe\/wp-json\/wp\/v2\/users\/2"}],"replies":[{"embeddable":true,"href":"https:\/\/cgtsafran.com\/groupe\/wp-json\/wp\/v2\/comments?post=4611"}],"version-history":[{"count":1,"href":"https:\/\/cgtsafran.com\/groupe\/wp-json\/wp\/v2\/posts\/4611\/revisions"}],"predecessor-version":[{"id":4613,"href":"https:\/\/cgtsafran.com\/groupe\/wp-json\/wp\/v2\/posts\/4611\/revisions\/4613"}],"wp:featuredmedia":[{"embeddable":true,"href":"https:\/\/cgtsafran.com\/groupe\/wp-json\/wp\/v2\/media\/4612"}],"wp:attachment":[{"href":"https:\/\/cgtsafran.com\/groupe\/wp-json\/wp\/v2\/media?parent=4611"}],"wp:term":[{"taxonomy":"category","embeddable":true,"href":"https:\/\/cgtsafran.com\/groupe\/wp-json\/wp\/v2\/categories?post=4611"},{"taxonomy":"post_tag","embeddable":true,"href":"https:\/\/cgtsafran.com\/groupe\/wp-json\/wp\/v2\/tags?post=4611"},{"taxonomy":"applications","embeddable":true,"href":"https:\/\/cgtsafran.com\/groupe\/wp-json\/wp\/v2\/applications?post=4611"}],"curies":[{"name":"wp","href":"https:\/\/api.w.org\/{rel}","templated":true}]}}