{"id":4569,"date":"2020-03-31T10:08:33","date_gmt":"2020-03-31T08:08:33","guid":{"rendered":"https:\/\/cgtsafran.com\/groupe\/?p=4569"},"modified":"2020-04-03T09:11:55","modified_gmt":"2020-04-03T07:11:55","slug":"covid-19-compte-rendu-de-reunion-dg-coordinateurs-du-30-mars","status":"publish","type":"post","link":"https:\/\/cgtsafran.com\/groupe\/covid-19-compte-rendu-de-reunion-dg-coordinateurs-du-30-mars\/","title":{"rendered":"COVID-19 : Compte Rendu de r\u00e9union DG\/Coordinateurs du 30 mars"},"content":{"rendered":"<div>En d\u00e9but de r\u00e9union le Directeur financier du Groupe M. Delpit nous a fait un commentaire sur le <a href=\"https:\/\/cgtsafran.com\/groupe\/covid-19-communique-de-presse-safran\/\">communiqu\u00e9 de presse<\/a> effectu\u00e9 apr\u00e8s la r\u00e9union du <strong>Conseil d&rsquo;Administration<\/strong> de jeudi dernier(26 mars 2020).<\/div>\n<div>Il rappel que la d\u00e9cision du CA de la non distribution de <strong>dividendes<\/strong> cette ann\u00e9e a \u00e9t\u00e9 prise avant l&rsquo;annonce gouvernementale d<strong>&lsquo;\u00e9ventuelles sanctions<\/strong> pour les entreprises ayant une participation de l&rsquo;\u00c9tat dans leur capital.<\/div>\n<div>\u00ab\u00a0Au regard du contexte de l&rsquo;a\u00e9ronautique il faut pr\u00e9server notre tr\u00e9sorerie, couper dans tous les achats\u00a0\u00bb<\/div>\n<div>\u00ab\u00a0La base des co\u00fbts est suivie de tr\u00e8s tr\u00e8s pr\u00e8s et pendant une p\u00e9riode assez longue car<strong> la reprise sera assez lente<\/strong>\u00ab\u00a0<\/div>\n<div>La prochaine AG des actionnaires se tiendra \u00e0\u00a0 huis clos sur le campus de Massy.<\/div>\n<div>Suite\u00a0 \u00e0 une question CGT ne souhaitant pas de rachat d&rsquo;actions , la DG confirme qu&rsquo;il n&rsquo;y en aura pas <strong>pour l&rsquo;instant<\/strong>&#8230;.<\/div>\n<div>Elle n&rsquo;\u00e9carte pas de le faire plus tard !<\/div>\n<div>Le DRH Groupe a d\u00e9clar\u00e9 ensuite que la<strong> reprise du travail<\/strong> se faisait tr\u00e8s progressivement et correctement dans la plupart des unit\u00e9s.<\/div>\n<div>La CGT a rappel\u00e9 les nombreux droits d&rsquo;alerte en cours et et les<strong> inqui\u00e9tudes des salari\u00e9s<\/strong> concern\u00e9s par une pr\u00e9sence sur site.<\/div>\n<div>De plus, notre syndicat a renouvel\u00e9 la demande pour que l&rsquo;Activit\u00e9 Partielle soit <strong>pay\u00e9e \u00e0 100%<\/strong> pour motiver l&rsquo;ensemble des salari\u00e9s lors de la reprise en fin de crise.<\/div>\n<div>La DG confirme qu&rsquo;il y a un soucis d&rsquo;\u00e9quit\u00e9 \u00e0 traiter.<\/div>\n<div>Le sujet des <strong>gardes d&rsquo;enfant<\/strong> a \u00e9galement \u00e9t\u00e9 abord\u00e9 sans recevoir de r\u00e9ponse de la Direction.<\/div>\n<div>Il a \u00e9t\u00e9 d\u00e9nonc\u00e9 le fait que la Direction privil\u00e9giait le ch\u00f4mage partiel au <strong>t\u00e9l\u00e9travail<\/strong>. La Direction a alors expliqu\u00e9 que le bas niveau de production n&rsquo;exigeait que peu de salari\u00e9s en t\u00e9l\u00e9travail, un nombre important de salari\u00e9 en ch\u00f4mage partiel est donc, selon eux, n\u00e9c\u00e9ssaire.<\/div>\n<div>Suite \u00e0 une question de FO sur une \u00e9ventuelle n\u00e9gociation groupe sur ce sujet et suite aux ordonnances,\u00a0 le DRH se dit <strong>pr\u00eat \u00e0 engager une n\u00e9gociation<\/strong> et fait r\u00e9f\u00e9rence \u00e0 l&rsquo;accord Thales qu&rsquo;il trouve pertinent.<\/div>\n<div>Pour finir, la n\u00e9gociation gobale Emploi regroupant les trois accords : formation professionnelle ,GPEC et mesures s\u00e9niors est report\u00e9e et ces 3 accords vont \u00eatre prolong\u00e9s jusqu&rsquo;\u00e0 fin 2020.<\/div>\n<div><\/div>\n<div>Les Coordinateurs CGT groupe Safran<\/div>\n<div><\/div>\n","protected":false},"excerpt":{"rendered":"<p>En d\u00e9but de r\u00e9union le Directeur financier du Groupe M. Delpit nous a fait un commentaire sur le communiqu\u00e9 de presse effectu\u00e9 apr\u00e8s la r\u00e9union du Conseil d&rsquo;Administration de jeudi dernier(26 mars 2020). Il rappel que la d\u00e9cision du CA de la non distribution de dividendes cette ann\u00e9e a \u00e9t\u00e9 prise avant l&rsquo;annonce gouvernementale d&lsquo;\u00e9ventuelles [&hellip;]<\/p>\n","protected":false},"author":2,"featured_media":4515,"comment_status":"open","ping_status":"closed","sticky":false,"template":"","format":"standard","meta":{"_acf_changed":false,"wds_primary_category":0,"wds_primary_featuring":0,"wds_primary_perimetre":0,"wds_primary_themes":0,"wds_primary_documents":0,"wds_primary_geographie":0,"wds_primary_secteur":0,"wds_primary_applications":0,"footnotes":""},"categories":[1,172],"tags":[201],"applications":[],"class_list":["post-4569","post","type-post","status-publish","format-standard","has-post-thumbnail","hentry","category-actus","category-safran","tag-covid-19","featuring-lestitres","themes-information-du-personnel","documents-evenements"],"acf":[],"_links":{"self":[{"href":"https:\/\/cgtsafran.com\/groupe\/wp-json\/wp\/v2\/posts\/4569","targetHints":{"allow":["GET"]}}],"collection":[{"href":"https:\/\/cgtsafran.com\/groupe\/wp-json\/wp\/v2\/posts"}],"about":[{"href":"https:\/\/cgtsafran.com\/groupe\/wp-json\/wp\/v2\/types\/post"}],"author":[{"embeddable":true,"href":"https:\/\/cgtsafran.com\/groupe\/wp-json\/wp\/v2\/users\/2"}],"replies":[{"embeddable":true,"href":"https:\/\/cgtsafran.com\/groupe\/wp-json\/wp\/v2\/comments?post=4569"}],"version-history":[{"count":2,"href":"https:\/\/cgtsafran.com\/groupe\/wp-json\/wp\/v2\/posts\/4569\/revisions"}],"predecessor-version":[{"id":4573,"href":"https:\/\/cgtsafran.com\/groupe\/wp-json\/wp\/v2\/posts\/4569\/revisions\/4573"}],"wp:featuredmedia":[{"embeddable":true,"href":"https:\/\/cgtsafran.com\/groupe\/wp-json\/wp\/v2\/media\/4515"}],"wp:attachment":[{"href":"https:\/\/cgtsafran.com\/groupe\/wp-json\/wp\/v2\/media?parent=4569"}],"wp:term":[{"taxonomy":"category","embeddable":true,"href":"https:\/\/cgtsafran.com\/groupe\/wp-json\/wp\/v2\/categories?post=4569"},{"taxonomy":"post_tag","embeddable":true,"href":"https:\/\/cgtsafran.com\/groupe\/wp-json\/wp\/v2\/tags?post=4569"},{"taxonomy":"applications","embeddable":true,"href":"https:\/\/cgtsafran.com\/groupe\/wp-json\/wp\/v2\/applications?post=4569"}],"curies":[{"name":"wp","href":"https:\/\/api.w.org\/{rel}","templated":true}]}}